{"id":8127,"date":"2017-02-17T14:20:38","date_gmt":"2017-02-17T14:20:38","guid":{"rendered":"http:\/\/www.ayuntamientodeharia.com\/haria\/?p=8127"},"modified":"2017-02-17T14:21:16","modified_gmt":"2017-02-17T14:21:16","slug":"agradecimiento-a-los-cuerpos-de-seguridad-y-emergencias-por-su-actuacion-durante-el-temporal","status":"publish","type":"post","link":"https:\/\/www.ayuntamientodeharia.com\/haria\/agradecimiento-a-los-cuerpos-de-seguridad-y-emergencias-por-su-actuacion-durante-el-temporal\/","title":{"rendered":"Agradecimiento a los cuerpos de seguridad y emergencias por su actuaci\u00f3n durante el temporal"},"content":{"rendered":"<p>El temporal del pasado fin de semana por lluvia y viento no trajo consecuencias graves en el municipio, m\u00e1s all\u00e1 de algunas incidencias menores, sobre todo en la zona del litoral, en parte por el dispositivo especial de car\u00e1cter preventivo puesto en marcha con Protecci\u00f3n Civil, Polic\u00eda Local y Bomberos.<\/p>\n<p>&nbsp;<\/p>\n<p>Desde la Corporaci\u00f3n local se agradece la disposici\u00f3n del Consorcio de Emergencias de Lanzarote y de todas las fuerzas y cuerpos de seguridad del norte de la Isla, que trabajaron si descanso durante esos d\u00edas para solucionar en el menor tiempo posible cualquier incidente<\/p>\n","protected":false},"excerpt":{"rendered":"<p>El temporal del pasado fin de semana por lluvia y viento no trajo consecuencias graves en el municipio, m\u00e1s all\u00e1 de algunas incidencias menores, sobre todo en la zona del litoral, en parte por el dispositivo especial de car\u00e1cter preventivo puesto en marcha con Protecci\u00f3n Civil, Polic\u00eda Local y Bomberos. &nbsp; Desde la Corporaci\u00f3n local [&hellip;]<\/p>\n","protected":false},"author":2,"featured_media":8092,"comment_status":"closed","ping_status":"closed","sticky":false,"template":"","format":"standard","meta":{"footnotes":""},"categories":[11,84],"tags":[],"class_list":["post-8127","post","type-post","status-publish","format-standard","has-post-thumbnail","hentry","category-hoja-de-haria","category-seguridad-y-emergencias"],"_links":{"self":[{"href":"https:\/\/www.ayuntamientodeharia.com\/haria\/wp-json\/wp\/v2\/posts\/8127","targetHints":{"allow":["GET"]}}],"collection":[{"href":"https:\/\/www.ayuntamientodeharia.com\/haria\/wp-json\/wp\/v2\/posts"}],"about":[{"href":"https:\/\/www.ayuntamientodeharia.com\/haria\/wp-json\/wp\/v2\/types\/post"}],"author":[{"embeddable":true,"href":"https:\/\/www.ayuntamientodeharia.com\/haria\/wp-json\/wp\/v2\/users\/2"}],"replies":[{"embeddable":true,"href":"https:\/\/www.ayuntamientodeharia.com\/haria\/wp-json\/wp\/v2\/comments?post=8127"}],"version-history":[{"count":2,"href":"https:\/\/www.ayuntamientodeharia.com\/haria\/wp-json\/wp\/v2\/posts\/8127\/revisions"}],"predecessor-version":[{"id":8129,"href":"https:\/\/www.ayuntamientodeharia.com\/haria\/wp-json\/wp\/v2\/posts\/8127\/revisions\/8129"}],"wp:featuredmedia":[{"embeddable":true,"href":"https:\/\/www.ayuntamientodeharia.com\/haria\/wp-json\/wp\/v2\/media\/8092"}],"wp:attachment":[{"href":"https:\/\/www.ayuntamientodeharia.com\/haria\/wp-json\/wp\/v2\/media?parent=8127"}],"wp:term":[{"taxonomy":"category","embeddable":true,"href":"https:\/\/www.ayuntamientodeharia.com\/haria\/wp-json\/wp\/v2\/categories?post=8127"},{"taxonomy":"post_tag","embeddable":true,"href":"https:\/\/www.ayuntamientodeharia.com\/haria\/wp-json\/wp\/v2\/tags?post=8127"}],"curies":[{"name":"wp","href":"https:\/\/api.w.org\/{rel}","templated":true}]}}