{"id":8120,"date":"2017-02-17T14:12:53","date_gmt":"2017-02-17T14:12:53","guid":{"rendered":"http:\/\/www.ayuntamientodeharia.com\/haria\/?p=8120"},"modified":"2017-02-17T14:19:14","modified_gmt":"2017-02-17T14:19:14","slug":"firma-de-convenio-de-colaboracion-con-grevislan-para-el-cuidado-de-la-finca-de-la-corona","status":"publish","type":"post","link":"https:\/\/www.ayuntamientodeharia.com\/haria\/firma-de-convenio-de-colaboracion-con-grevislan-para-el-cuidado-de-la-finca-de-la-corona\/","title":{"rendered":"Firma de convenio de colaboraci\u00f3n con Grevislan para el cuidado de la finca de La Corona"},"content":{"rendered":"<p>El alcalde de Har\u00eda, Marci Acu\u00f1a, el concejal de Agricultura, Jos\u00e9 P\u00e9rez Dorta, y la representante del Centro Especial de Empleo Grevislan, Guadalupe Villalba, firmaron recientemente un convenio de colaboraci\u00f3n, con una duraci\u00f3n de dos a\u00f1os, a trav\u00e9s de cual el Ayuntamiento le ceder\u00e1 el cuidado y la explotaci\u00f3n de los frutales de la finca agr\u00edcola de propiedad municipal ubicada en la zona de La Corona, a excepci\u00f3n de la vi\u00f1a, con el fin de mantener activa la misma, colaborando adem\u00e1s en el proyecto de secado de fruta de la entidad.<\/p>\n<p><!--more--><\/p>\n<p>&nbsp;<\/p>\n<p>Dichos trabajos consisten en el desbroce y eliminaci\u00f3n de malas hierbas, plantaci\u00f3n de especies, recolecci\u00f3n de la fruta y posterior elaboraci\u00f3n del secado, para lo que el Centro Especial de Empleo designar\u00e1 a trabajadores con discapacidad de su personal. \u201cCon la firma del convenio con Grevislan ayudamos, por una lado, a la inserci\u00f3n laboral y, por otro, contribuimos a la recuperaci\u00f3n y explotaci\u00f3n de los frutales de la finca, as\u00ed como a la experimentaci\u00f3n con energ\u00eda limpia para el secado de la fruta; esta iniciativa forma parte de un proyecto global para la recuperaci\u00f3n de la finca municipal de Los Lajares\u201d, ha afirmado Jos\u00e9 P\u00e9rez Dorta.<\/p>\n<p>&nbsp;<\/p>\n<p>Por su parte, Marci Acu\u00f1a, se\u00f1ala que \u201cla puesta en funcionamiento de la Finca de Los Lajares va a ser fundamental para la recuperaci\u00f3n del entorno paisaj\u00edstico vitivin\u00edcola de la zona; con ello recuperaremos los \u00e1rboles frutales y podremos mostrar a los visitantes las singularidades del cultivo en las zonas de malpa\u00eds\u201d<\/p>\n","protected":false},"excerpt":{"rendered":"<p>El alcalde de Har\u00eda, Marci Acu\u00f1a, el concejal de Agricultura, Jos\u00e9 P\u00e9rez Dorta, y la representante del Centro Especial de Empleo Grevislan, Guadalupe Villalba, firmaron recientemente un convenio de colaboraci\u00f3n, con una duraci\u00f3n de dos a\u00f1os, a trav\u00e9s de cual el Ayuntamiento le ceder\u00e1 el cuidado y la explotaci\u00f3n de los frutales de la finca [&hellip;]<\/p>\n","protected":false},"author":2,"featured_media":8095,"comment_status":"closed","ping_status":"closed","sticky":false,"template":"","format":"standard","meta":{"footnotes":""},"categories":[20,11,81],"tags":[],"class_list":["post-8120","post","type-post","status-publish","format-standard","has-post-thumbnail","hentry","category-agricultura","category-hoja-de-haria","category-municipio"],"_links":{"self":[{"href":"https:\/\/www.ayuntamientodeharia.com\/haria\/wp-json\/wp\/v2\/posts\/8120","targetHints":{"allow":["GET"]}}],"collection":[{"href":"https:\/\/www.ayuntamientodeharia.com\/haria\/wp-json\/wp\/v2\/posts"}],"about":[{"href":"https:\/\/www.ayuntamientodeharia.com\/haria\/wp-json\/wp\/v2\/types\/post"}],"author":[{"embeddable":true,"href":"https:\/\/www.ayuntamientodeharia.com\/haria\/wp-json\/wp\/v2\/users\/2"}],"replies":[{"embeddable":true,"href":"https:\/\/www.ayuntamientodeharia.com\/haria\/wp-json\/wp\/v2\/comments?post=8120"}],"version-history":[{"count":3,"href":"https:\/\/www.ayuntamientodeharia.com\/haria\/wp-json\/wp\/v2\/posts\/8120\/revisions"}],"predecessor-version":[{"id":8126,"href":"https:\/\/www.ayuntamientodeharia.com\/haria\/wp-json\/wp\/v2\/posts\/8120\/revisions\/8126"}],"wp:featuredmedia":[{"embeddable":true,"href":"https:\/\/www.ayuntamientodeharia.com\/haria\/wp-json\/wp\/v2\/media\/8095"}],"wp:attachment":[{"href":"https:\/\/www.ayuntamientodeharia.com\/haria\/wp-json\/wp\/v2\/media?parent=8120"}],"wp:term":[{"taxonomy":"category","embeddable":true,"href":"https:\/\/www.ayuntamientodeharia.com\/haria\/wp-json\/wp\/v2\/categories?post=8120"},{"taxonomy":"post_tag","embeddable":true,"href":"https:\/\/www.ayuntamientodeharia.com\/haria\/wp-json\/wp\/v2\/tags?post=8120"}],"curies":[{"name":"wp","href":"https:\/\/api.w.org\/{rel}","templated":true}]}}