{"id":8117,"date":"2017-02-17T14:10:23","date_gmt":"2017-02-17T14:10:23","guid":{"rendered":"http:\/\/www.ayuntamientodeharia.com\/haria\/?p=8117"},"modified":"2017-02-17T14:10:57","modified_gmt":"2017-02-17T14:10:57","slug":"abierto-el-plazo-para-la-inscripcion-de-las-carrozas-que-participaran-en-el-coso-del-carnaval-de-haria","status":"publish","type":"post","link":"https:\/\/www.ayuntamientodeharia.com\/haria\/abierto-el-plazo-para-la-inscripcion-de-las-carrozas-que-participaran-en-el-coso-del-carnaval-de-haria\/","title":{"rendered":"Abierto el plazo para la inscripci\u00f3n de las carrozas que participar\u00e1n en el coso del Carnaval de har\u00eda"},"content":{"rendered":"<p>La Concejal\u00eda de Festejos, coordinada por Soraya Brito, comunica a los carroceros que deseen participar en el coso del Carnaval de Har\u00eda que del 17 de febrero al 6 de marzo podr\u00e1n realizar la inscripci\u00f3n de la carroza. Las solicitudes deber\u00e1n presentarse en el Registro General del Ayuntamiento y tendr\u00e1n que ir acompa\u00f1adas de la documentaci\u00f3n requerida a tal efecto.<\/p>\n<p>&nbsp;<\/p>\n<p>Toda la informaci\u00f3n se podr\u00e1 descargar de la web municipal <a href=\"http:\/\/www.ayuntamientodeharia.com\/haria\/?p=8085\"><em><span style=\"text-decoration: underline;\">www.ayuntamientodeharia.com<\/span><\/em><\/a>. Igualmente, se convoca a las personas que van a participar en la carroza municipal a una reuni\u00f3n informativa que tendr\u00e1 lugar el jueves, 23 de febrero, a las 13:30 horas, en el Consistorio norte\u00f1o.<\/p>\n","protected":false},"excerpt":{"rendered":"<p>La Concejal\u00eda de Festejos, coordinada por Soraya Brito, comunica a los carroceros que deseen participar en el coso del Carnaval de Har\u00eda que del 17 de febrero al 6 de marzo podr\u00e1n realizar la inscripci\u00f3n de la carroza. Las solicitudes deber\u00e1n presentarse en el Registro General del Ayuntamiento y tendr\u00e1n que ir acompa\u00f1adas de la [&hellip;]<\/p>\n","protected":false},"author":2,"featured_media":0,"comment_status":"closed","ping_status":"closed","sticky":false,"template":"","format":"standard","meta":{"footnotes":""},"categories":[15,11],"tags":[],"class_list":["post-8117","post","type-post","status-publish","format-standard","hentry","category-festejos","category-hoja-de-haria"],"_links":{"self":[{"href":"https:\/\/www.ayuntamientodeharia.com\/haria\/wp-json\/wp\/v2\/posts\/8117","targetHints":{"allow":["GET"]}}],"collection":[{"href":"https:\/\/www.ayuntamientodeharia.com\/haria\/wp-json\/wp\/v2\/posts"}],"about":[{"href":"https:\/\/www.ayuntamientodeharia.com\/haria\/wp-json\/wp\/v2\/types\/post"}],"author":[{"embeddable":true,"href":"https:\/\/www.ayuntamientodeharia.com\/haria\/wp-json\/wp\/v2\/users\/2"}],"replies":[{"embeddable":true,"href":"https:\/\/www.ayuntamientodeharia.com\/haria\/wp-json\/wp\/v2\/comments?post=8117"}],"version-history":[{"count":2,"href":"https:\/\/www.ayuntamientodeharia.com\/haria\/wp-json\/wp\/v2\/posts\/8117\/revisions"}],"predecessor-version":[{"id":8119,"href":"https:\/\/www.ayuntamientodeharia.com\/haria\/wp-json\/wp\/v2\/posts\/8117\/revisions\/8119"}],"wp:attachment":[{"href":"https:\/\/www.ayuntamientodeharia.com\/haria\/wp-json\/wp\/v2\/media?parent=8117"}],"wp:term":[{"taxonomy":"category","embeddable":true,"href":"https:\/\/www.ayuntamientodeharia.com\/haria\/wp-json\/wp\/v2\/categories?post=8117"},{"taxonomy":"post_tag","embeddable":true,"href":"https:\/\/www.ayuntamientodeharia.com\/haria\/wp-json\/wp\/v2\/tags?post=8117"}],"curies":[{"name":"wp","href":"https:\/\/api.w.org\/{rel}","templated":true}]}}