{"id":8115,"date":"2017-02-17T14:08:00","date_gmt":"2017-02-17T14:08:00","guid":{"rendered":"http:\/\/www.ayuntamientodeharia.com\/haria\/?p=8115"},"modified":"2017-02-17T14:08:00","modified_gmt":"2017-02-17T14:08:00","slug":"lectura-de-relatos-cortos-de-devora-ventura-en-el-aljibe","status":"publish","type":"post","link":"https:\/\/www.ayuntamientodeharia.com\/haria\/lectura-de-relatos-cortos-de-devora-ventura-en-el-aljibe\/","title":{"rendered":"Lectura de relatos cortos de D\u00e9vora Ventura en El Aljibe"},"content":{"rendered":"<p>Este s\u00e1bado, 18 de febrero, a las 20:30 horas, los actores lanzarote\u00f1os \u00d3scar Hern\u00e1ndez y Silvia Romero realizar\u00e1n una lectura de relatos cortos en la sala de exposiciones El Aljibe de Har\u00eda, organizada por la Concejal\u00eda de Cultura, que coordina Jos\u00e9 P\u00e9rez Dorta.<\/p>\n<p>&nbsp;<\/p>\n<p>Se trata de una colecci\u00f3n de narraciones denominadas \u2018Relatos que guardaba en una gaveta\u2019, escritas por D\u00e9vora Ventura. Este espect\u00e1culo narrativo invita al espectador a dejarse llevar por la nostalgia y a retrotraerse a las tardes de t\u00e9 y radio en las que nuestros padres y abuelos disfrutaban con las historias que escuchaban a trav\u00e9s del transistor.<\/p>\n<p><!--more--><\/p>\n<p>&nbsp;<\/p>\n<p>Los diferentes personajes que aparecen en los relatos est\u00e1n unidos por varias peculiaridades: nombres, oficios y su manera de ver la vida. Al finalizar la lectura, la soprano Camilla Paulsson interpretar\u00e1 varias canciones de su repertorio. Las personas interesadas en asistir a este espect\u00e1- culo deber\u00e1n retirar la invitaci\u00f3n en la centralita del Ayuntamiento, de lunes a viernes, de 8:00 a 15:00 horas.<\/p>\n","protected":false},"excerpt":{"rendered":"<p>Este s\u00e1bado, 18 de febrero, a las 20:30 horas, los actores lanzarote\u00f1os \u00d3scar Hern\u00e1ndez y Silvia Romero realizar\u00e1n una lectura de relatos cortos en la sala de exposiciones El Aljibe de Har\u00eda, organizada por la Concejal\u00eda de Cultura, que coordina Jos\u00e9 P\u00e9rez Dorta. &nbsp; Se trata de una colecci\u00f3n de narraciones denominadas \u2018Relatos que guardaba [&hellip;]<\/p>\n","protected":false},"author":2,"featured_media":0,"comment_status":"closed","ping_status":"closed","sticky":false,"template":"","format":"standard","meta":{"footnotes":""},"categories":[16,11],"tags":[],"class_list":["post-8115","post","type-post","status-publish","format-standard","hentry","category-cultura","category-hoja-de-haria"],"_links":{"self":[{"href":"https:\/\/www.ayuntamientodeharia.com\/haria\/wp-json\/wp\/v2\/posts\/8115","targetHints":{"allow":["GET"]}}],"collection":[{"href":"https:\/\/www.ayuntamientodeharia.com\/haria\/wp-json\/wp\/v2\/posts"}],"about":[{"href":"https:\/\/www.ayuntamientodeharia.com\/haria\/wp-json\/wp\/v2\/types\/post"}],"author":[{"embeddable":true,"href":"https:\/\/www.ayuntamientodeharia.com\/haria\/wp-json\/wp\/v2\/users\/2"}],"replies":[{"embeddable":true,"href":"https:\/\/www.ayuntamientodeharia.com\/haria\/wp-json\/wp\/v2\/comments?post=8115"}],"version-history":[{"count":1,"href":"https:\/\/www.ayuntamientodeharia.com\/haria\/wp-json\/wp\/v2\/posts\/8115\/revisions"}],"predecessor-version":[{"id":8116,"href":"https:\/\/www.ayuntamientodeharia.com\/haria\/wp-json\/wp\/v2\/posts\/8115\/revisions\/8116"}],"wp:attachment":[{"href":"https:\/\/www.ayuntamientodeharia.com\/haria\/wp-json\/wp\/v2\/media?parent=8115"}],"wp:term":[{"taxonomy":"category","embeddable":true,"href":"https:\/\/www.ayuntamientodeharia.com\/haria\/wp-json\/wp\/v2\/categories?post=8115"},{"taxonomy":"post_tag","embeddable":true,"href":"https:\/\/www.ayuntamientodeharia.com\/haria\/wp-json\/wp\/v2\/tags?post=8115"}],"curies":[{"name":"wp","href":"https:\/\/api.w.org\/{rel}","templated":true}]}}