{"id":8106,"date":"2017-02-17T13:52:43","date_gmt":"2017-02-17T13:52:43","guid":{"rendered":"http:\/\/www.ayuntamientodeharia.com\/haria\/?p=8106"},"modified":"2017-02-17T14:02:39","modified_gmt":"2017-02-17T14:02:39","slug":"competiciones-deportivas-5","status":"publish","type":"post","link":"https:\/\/www.ayuntamientodeharia.com\/haria\/competiciones-deportivas-5\/","title":{"rendered":"Competiciones deportivas"},"content":{"rendered":"<h6><strong>F\u00daTBOL <\/strong><\/h6>\n<p>&nbsp;<\/p>\n<p><span style=\"text-decoration: underline;\"><strong>BENJAM\u00cdN <\/strong><\/span><\/p>\n<p><strong>TINAJO B C.D. \u2013 HAR\u00cdA C.F. <\/strong><\/p>\n<p>S\u00e1bado, 18 de febrero, a las 10:00h. en el Campo de F\u00fatbol de Tinajo<\/p>\n<p>&nbsp;<\/p>\n<p><strong>ALEV\u00cdN<\/strong><\/p>\n<p>HAR\u00cdA C. F. \u2013 PTO. DEL CARMEN<\/p>\n<p>S\u00e1bado, 18 de febrero, a las 10:00h. en el Campo de F\u00fatbol Ladislao Rodr\u00edguez Bonilla de Har\u00eda.<\/p>\n<p>&nbsp;<\/p>\n<p><strong>INFANTIL<\/strong><\/p>\n<p>PALMEROS U.D. &#8211; HAR\u00cdA C.F.<\/p>\n<p>S\u00e1bado, 18 de febrero, a las 10:00h. en el Campo de F\u00fatbol de Teguise.<\/p>\n<p><!--more--><\/p>\n<p>&nbsp;<\/p>\n<p><strong>CADETE <\/strong><\/p>\n<p>Descansa<\/p>\n<p>&nbsp;<\/p>\n<p><strong>JUVENIL <\/strong><\/p>\n<p>HAR\u00cdA C.F. \u2013 YAIZA C.D.<\/p>\n<p>Viernes, 17 de febrero, a las 21:00h. en el Campo de F\u00fatbol Ladislao Rodr\u00edguez Bonilla de Har\u00eda.<\/p>\n<p>&nbsp;<\/p>\n<p><strong>REGIONAL <\/strong><\/p>\n<p>HAR\u00cdA C.F. \u2013 PEDRO HIDALGO<\/p>\n<p>S\u00e1bado, 18 de febrero, a las 17:00h. en el Campo de F\u00fatbol Ladislao Rodr\u00edguez Bonilla de Har\u00eda.<\/p>\n<p>&nbsp;<\/p>\n<h6><strong>LUCHA CANARIA<\/strong><\/h6>\n<p>Viernes, 17 de febrero, a las 17:00h. en el Terrero de Lucha de la Ciudad Deportiva de Arrecife.<\/p>\n<p><strong>BENJAM\u00cdN <\/strong><\/p>\n<p>C.L. UNI\u00d3N NORTE \u2013 SAN BARTOLOM\u00c9<\/p>\n<p>&nbsp;<\/p>\n<p><strong>ALEV\u00cdN<\/strong><\/p>\n<p>C.L. UNI\u00d3N NORTE \u2013 SAN BARTOLOM\u00c9<\/p>\n<p>&nbsp;<\/p>\n<p><strong>INFANTIL<\/strong><\/p>\n<p>PRESELECI\u00d3N PARA PARTICIPAR EN LOS CAMPEONATOS DE CANARIAS<\/p>\n<p>&nbsp;<\/p>\n<h6><strong>BALONCESTO<\/strong><\/h6>\n<p>Concentraci\u00f3n. Juegos Insulares de Promocion Deportiva. S\u00e1bado, 18 de febrero, en el Pabell\u00f3n del CEIP Alcalde Rafael Cedr\u00e9s de T\u00edas.<\/p>\n<p>&nbsp;<\/p>\n<p><strong>CATEGOR\u00cdA BENJAM\u00cdN MASCULINO<\/strong><\/p>\n<p>10:00h.- MARAMAJO \u2013 CLUB BALONCESTO HAR\u00cdA VUELTA ARRIBA.<\/p>\n<p>&nbsp;<\/p>\n<p><strong>CATEGOR\u00cdA BENJAM\u00cdN FEMENINO <\/strong><\/p>\n<p>11:00H.- CLUB BALONCESTO HAR\u00cdA VUELTA ARRIBA &#8211; MAGEC TIAS<\/p>\n<p>&nbsp;<\/p>\n<p><strong>CATEGOR\u00cdA INFANTIL FEMENINO <\/strong><\/p>\n<p>Viernes, 17 de febrero, a las 18:30h. en la Ciudad Deportiva de Arrecife.<\/p>\n<p>IF ARIAGONA \u2013 IF CLUB DE BALONCESTO HAR\u00cdA VUELTA ARRIBA C<\/p>\n","protected":false},"excerpt":{"rendered":"<p>F\u00daTBOL &nbsp; BENJAM\u00cdN TINAJO B C.D. \u2013 HAR\u00cdA C.F. S\u00e1bado, 18 de febrero, a las 10:00h. en el Campo de F\u00fatbol de Tinajo &nbsp; ALEV\u00cdN HAR\u00cdA C. F. \u2013 PTO. DEL CARMEN S\u00e1bado, 18 de febrero, a las 10:00h. en el Campo de F\u00fatbol Ladislao Rodr\u00edguez Bonilla de Har\u00eda. &nbsp; INFANTIL PALMEROS U.D. &#8211; HAR\u00cdA [&hellip;]<\/p>\n","protected":false},"author":2,"featured_media":0,"comment_status":"closed","ping_status":"closed","sticky":false,"template":"","format":"standard","meta":{"footnotes":""},"categories":[11],"tags":[],"class_list":["post-8106","post","type-post","status-publish","format-standard","hentry","category-hoja-de-haria"],"_links":{"self":[{"href":"https:\/\/www.ayuntamientodeharia.com\/haria\/wp-json\/wp\/v2\/posts\/8106","targetHints":{"allow":["GET"]}}],"collection":[{"href":"https:\/\/www.ayuntamientodeharia.com\/haria\/wp-json\/wp\/v2\/posts"}],"about":[{"href":"https:\/\/www.ayuntamientodeharia.com\/haria\/wp-json\/wp\/v2\/types\/post"}],"author":[{"embeddable":true,"href":"https:\/\/www.ayuntamientodeharia.com\/haria\/wp-json\/wp\/v2\/users\/2"}],"replies":[{"embeddable":true,"href":"https:\/\/www.ayuntamientodeharia.com\/haria\/wp-json\/wp\/v2\/comments?post=8106"}],"version-history":[{"count":8,"href":"https:\/\/www.ayuntamientodeharia.com\/haria\/wp-json\/wp\/v2\/posts\/8106\/revisions"}],"predecessor-version":[{"id":8114,"href":"https:\/\/www.ayuntamientodeharia.com\/haria\/wp-json\/wp\/v2\/posts\/8106\/revisions\/8114"}],"wp:attachment":[{"href":"https:\/\/www.ayuntamientodeharia.com\/haria\/wp-json\/wp\/v2\/media?parent=8106"}],"wp:term":[{"taxonomy":"category","embeddable":true,"href":"https:\/\/www.ayuntamientodeharia.com\/haria\/wp-json\/wp\/v2\/categories?post=8106"},{"taxonomy":"post_tag","embeddable":true,"href":"https:\/\/www.ayuntamientodeharia.com\/haria\/wp-json\/wp\/v2\/tags?post=8106"}],"curies":[{"name":"wp","href":"https:\/\/api.w.org\/{rel}","templated":true}]}}