{"id":7985,"date":"2017-02-03T13:56:34","date_gmt":"2017-02-03T13:56:34","guid":{"rendered":"http:\/\/www.ayuntamientodeharia.com\/haria\/?p=7985"},"modified":"2017-02-03T13:56:34","modified_gmt":"2017-02-03T13:56:34","slug":"clases-de-yoga-gratuitas-para-ninos","status":"publish","type":"post","link":"https:\/\/www.ayuntamientodeharia.com\/haria\/clases-de-yoga-gratuitas-para-ninos\/","title":{"rendered":"Clases de yoga gratuitas para ni\u00f1os"},"content":{"rendered":"<p>La Concejal\u00eda de Deportes, coordinada por Ivens Hern\u00e1ndez, pone en marcha clases gratuitas de yoga dirigidas a ni\u00f1os de entre 6 y 12 a\u00f1os, que ser\u00e1n impartidas por una monitora titulada un d\u00eda a la semana, en el CEIP San Juan de Har\u00eda.<\/p>\n<p>&nbsp;<\/p>\n<p>Las clases comenzar\u00e1n a impartirse a partir del mi\u00e9rcoles 8 de febrero. Las personas interesadas deber\u00e1n ponerse en contacto con el Departamento de Deportes o llamando al tel\u00e9fono 637 893 181, de lunes a viernes, en horario de oficina.<\/p>\n","protected":false},"excerpt":{"rendered":"<p>La Concejal\u00eda de Deportes, coordinada por Ivens Hern\u00e1ndez, pone en marcha clases gratuitas de yoga dirigidas a ni\u00f1os de entre 6 y 12 a\u00f1os, que ser\u00e1n impartidas por una monitora titulada un d\u00eda a la semana, en el CEIP San Juan de Har\u00eda. &nbsp; Las clases comenzar\u00e1n a impartirse a partir del mi\u00e9rcoles 8 de [&hellip;]<\/p>\n","protected":false},"author":2,"featured_media":0,"comment_status":"closed","ping_status":"closed","sticky":false,"template":"","format":"standard","meta":{"footnotes":""},"categories":[17,11],"tags":[],"class_list":["post-7985","post","type-post","status-publish","format-standard","hentry","category-deportes","category-hoja-de-haria"],"_links":{"self":[{"href":"https:\/\/www.ayuntamientodeharia.com\/haria\/wp-json\/wp\/v2\/posts\/7985","targetHints":{"allow":["GET"]}}],"collection":[{"href":"https:\/\/www.ayuntamientodeharia.com\/haria\/wp-json\/wp\/v2\/posts"}],"about":[{"href":"https:\/\/www.ayuntamientodeharia.com\/haria\/wp-json\/wp\/v2\/types\/post"}],"author":[{"embeddable":true,"href":"https:\/\/www.ayuntamientodeharia.com\/haria\/wp-json\/wp\/v2\/users\/2"}],"replies":[{"embeddable":true,"href":"https:\/\/www.ayuntamientodeharia.com\/haria\/wp-json\/wp\/v2\/comments?post=7985"}],"version-history":[{"count":0,"href":"https:\/\/www.ayuntamientodeharia.com\/haria\/wp-json\/wp\/v2\/posts\/7985\/revisions"}],"wp:attachment":[{"href":"https:\/\/www.ayuntamientodeharia.com\/haria\/wp-json\/wp\/v2\/media?parent=7985"}],"wp:term":[{"taxonomy":"category","embeddable":true,"href":"https:\/\/www.ayuntamientodeharia.com\/haria\/wp-json\/wp\/v2\/categories?post=7985"},{"taxonomy":"post_tag","embeddable":true,"href":"https:\/\/www.ayuntamientodeharia.com\/haria\/wp-json\/wp\/v2\/tags?post=7985"}],"curies":[{"name":"wp","href":"https:\/\/api.w.org\/{rel}","templated":true}]}}