{"id":7948,"date":"2017-01-27T13:59:33","date_gmt":"2017-01-27T13:59:33","guid":{"rendered":"http:\/\/www.ayuntamientodeharia.com\/haria\/?p=7948"},"modified":"2017-01-27T13:59:33","modified_gmt":"2017-01-27T13:59:33","slug":"se-reanudan-los-talleres-de-manualidades-y-pintura","status":"publish","type":"post","link":"https:\/\/www.ayuntamientodeharia.com\/haria\/se-reanudan-los-talleres-de-manualidades-y-pintura\/","title":{"rendered":"Se reanudan los talleres de manualidades y pintura"},"content":{"rendered":"<p>El \u00c1rea de Igualdad, que Coordina Auxiliadora Fern\u00e1ndez, comunica que los talleres de Pintura y Manualidades reinician sus actividades, por lo que los vecinos del municipio de Har\u00eda que lo deseen podr\u00e1n continuar e incorporarse a los mismos, que se ponen en marcha en el mes de febrero hasta diciembre.<\/p>\n<p>&nbsp;<\/p>\n<p>Las personas interesadas en participar en alguna de estas actividades deber\u00e1n ser mayores de 18 a\u00f1os y lo pueden hacer llamando al Departamento de Cultura a los tel\u00e9fonos 928 835 009 y 928 835 300 o directamente en el lugar donde se desarrolla la actividad.<\/p>\n<p><!--more--><\/p>\n<p><strong>Taller de Manualidades<\/strong><\/p>\n<p>Comienza el 6 de febrero y se imparte los lunes, de 16:00 a 18:00 horas, en \u00d3rzola, y de 18:30 a 20:30 horas, en Har\u00eda, y los viernes, de 16:00 a 18:00 horas, en Mala, dependiendo del n\u00famero de alumnos.<\/p>\n<p>El coste de la actividad es de 10 euros mensuales.<\/p>\n<p>&nbsp;<\/p>\n<p><strong><span style=\"text-decoration: underline;\">Taller de Pintura <\/span><\/strong><\/p>\n<p>Se reanudan las clases los martes y jueves, de 16:30 a 19:00 horas, en el Taller de Artesan\u00eda de Har\u00eda. Las clases comienzan el jueves, 2 de febrero y el coste de la actividad es<\/p>\n","protected":false},"excerpt":{"rendered":"<p>El \u00c1rea de Igualdad, que Coordina Auxiliadora Fern\u00e1ndez, comunica que los talleres de Pintura y Manualidades reinician sus actividades, por lo que los vecinos del municipio de Har\u00eda que lo deseen podr\u00e1n continuar e incorporarse a los mismos, que se ponen en marcha en el mes de febrero hasta diciembre. &nbsp; Las personas interesadas en [&hellip;]<\/p>\n","protected":false},"author":2,"featured_media":0,"comment_status":"closed","ping_status":"closed","sticky":false,"template":"","format":"standard","meta":{"footnotes":""},"categories":[16,11],"tags":[],"class_list":["post-7948","post","type-post","status-publish","format-standard","hentry","category-cultura","category-hoja-de-haria"],"_links":{"self":[{"href":"https:\/\/www.ayuntamientodeharia.com\/haria\/wp-json\/wp\/v2\/posts\/7948","targetHints":{"allow":["GET"]}}],"collection":[{"href":"https:\/\/www.ayuntamientodeharia.com\/haria\/wp-json\/wp\/v2\/posts"}],"about":[{"href":"https:\/\/www.ayuntamientodeharia.com\/haria\/wp-json\/wp\/v2\/types\/post"}],"author":[{"embeddable":true,"href":"https:\/\/www.ayuntamientodeharia.com\/haria\/wp-json\/wp\/v2\/users\/2"}],"replies":[{"embeddable":true,"href":"https:\/\/www.ayuntamientodeharia.com\/haria\/wp-json\/wp\/v2\/comments?post=7948"}],"version-history":[{"count":0,"href":"https:\/\/www.ayuntamientodeharia.com\/haria\/wp-json\/wp\/v2\/posts\/7948\/revisions"}],"wp:attachment":[{"href":"https:\/\/www.ayuntamientodeharia.com\/haria\/wp-json\/wp\/v2\/media?parent=7948"}],"wp:term":[{"taxonomy":"category","embeddable":true,"href":"https:\/\/www.ayuntamientodeharia.com\/haria\/wp-json\/wp\/v2\/categories?post=7948"},{"taxonomy":"post_tag","embeddable":true,"href":"https:\/\/www.ayuntamientodeharia.com\/haria\/wp-json\/wp\/v2\/tags?post=7948"}],"curies":[{"name":"wp","href":"https:\/\/api.w.org\/{rel}","templated":true}]}}