{"id":7941,"date":"2017-01-27T13:54:47","date_gmt":"2017-01-27T13:54:47","guid":{"rendered":"http:\/\/www.ayuntamientodeharia.com\/haria\/?p=7941"},"modified":"2017-01-27T13:55:34","modified_gmt":"2017-01-27T13:55:34","slug":"ludoteca-en-haria","status":"publish","type":"post","link":"https:\/\/www.ayuntamientodeharia.com\/haria\/ludoteca-en-haria\/","title":{"rendered":"Ludoteca en Har\u00eda"},"content":{"rendered":"<p>El Departamento de Juventud, dentro del proyecto \u2018Akistamos\u2019 de dinamizaci\u00f3n de espacios p\u00fablicos, contar\u00e1, a partir del mi\u00e9rcoles, 1 de febrero, con la Ludoteca Municipal en el Parque Infantil de Har\u00eda, dirigida a ni\u00f1os y j\u00f3venes con edades comprendidas entre los 3 y los 16 a\u00f1os.<\/p>\n<p>&nbsp;<\/p>\n<p>Su horario ser\u00e1 de 16:30 a 19:00 horas los mi\u00e9rcoles, jueves y viernes. Y todos los viernes habr\u00e1 una actividad especial destinada a los j\u00f3venes mayores de 12 a\u00f1os. Las actividades especiales de los viernes comenzar\u00e1n el pr\u00f3ximo viernes, 3 de febrero, con un taller sobre hologramas y proyectores para tel\u00e9fonos.<\/p>\n","protected":false},"excerpt":{"rendered":"<p>El Departamento de Juventud, dentro del proyecto \u2018Akistamos\u2019 de dinamizaci\u00f3n de espacios p\u00fablicos, contar\u00e1, a partir del mi\u00e9rcoles, 1 de febrero, con la Ludoteca Municipal en el Parque Infantil de Har\u00eda, dirigida a ni\u00f1os y j\u00f3venes con edades comprendidas entre los 3 y los 16 a\u00f1os. &nbsp; Su horario ser\u00e1 de 16:30 a 19:00 horas [&hellip;]<\/p>\n","protected":false},"author":2,"featured_media":7909,"comment_status":"closed","ping_status":"closed","sticky":false,"template":"","format":"standard","meta":{"footnotes":""},"categories":[11,25],"tags":[],"class_list":["post-7941","post","type-post","status-publish","format-standard","has-post-thumbnail","hentry","category-hoja-de-haria","category-juventud"],"_links":{"self":[{"href":"https:\/\/www.ayuntamientodeharia.com\/haria\/wp-json\/wp\/v2\/posts\/7941","targetHints":{"allow":["GET"]}}],"collection":[{"href":"https:\/\/www.ayuntamientodeharia.com\/haria\/wp-json\/wp\/v2\/posts"}],"about":[{"href":"https:\/\/www.ayuntamientodeharia.com\/haria\/wp-json\/wp\/v2\/types\/post"}],"author":[{"embeddable":true,"href":"https:\/\/www.ayuntamientodeharia.com\/haria\/wp-json\/wp\/v2\/users\/2"}],"replies":[{"embeddable":true,"href":"https:\/\/www.ayuntamientodeharia.com\/haria\/wp-json\/wp\/v2\/comments?post=7941"}],"version-history":[{"count":0,"href":"https:\/\/www.ayuntamientodeharia.com\/haria\/wp-json\/wp\/v2\/posts\/7941\/revisions"}],"wp:featuredmedia":[{"embeddable":true,"href":"https:\/\/www.ayuntamientodeharia.com\/haria\/wp-json\/wp\/v2\/media\/7909"}],"wp:attachment":[{"href":"https:\/\/www.ayuntamientodeharia.com\/haria\/wp-json\/wp\/v2\/media?parent=7941"}],"wp:term":[{"taxonomy":"category","embeddable":true,"href":"https:\/\/www.ayuntamientodeharia.com\/haria\/wp-json\/wp\/v2\/categories?post=7941"},{"taxonomy":"post_tag","embeddable":true,"href":"https:\/\/www.ayuntamientodeharia.com\/haria\/wp-json\/wp\/v2\/tags?post=7941"}],"curies":[{"name":"wp","href":"https:\/\/api.w.org\/{rel}","templated":true}]}}