{"id":7933,"date":"2017-01-27T13:51:13","date_gmt":"2017-01-27T13:51:13","guid":{"rendered":"http:\/\/www.ayuntamientodeharia.com\/haria\/?p=7933"},"modified":"2017-01-27T13:51:13","modified_gmt":"2017-01-27T13:51:13","slug":"todo-preparado-para-la-vii-carrera-popular-de-tabayesco","status":"publish","type":"post","link":"https:\/\/www.ayuntamientodeharia.com\/haria\/todo-preparado-para-la-vii-carrera-popular-de-tabayesco\/","title":{"rendered":"\u2018Todo preparado para la VII Carrera Popular de Tabayesco\u2019"},"content":{"rendered":"<p>Los amantes del deporte tienen la posibilidad de participar en la &#8216;VII Carrera Popular de Tabayesco\u2019, que se celebrar\u00e1 el pr\u00f3ximo domingo, 29 de enero, coincidiendo con la celebraci\u00f3n de las Fiestas de Nuestra Se\u00f1ora de La Candelaria.<\/p>\n<p>&nbsp;<\/p>\n<p>Al igual que en ediciones anteriores, los participantes podr\u00e1n inscribirse en las categor\u00eda de adultos, mayores de 14 a\u00f1os y ni\u00f1os. La salida de los adultos se realizar\u00e1 a las 10:00 horas desde el Centro Sociocultural de Tabayesco.<\/p>\n<p><!--more--><\/p>\n<p>&nbsp;<\/p>\n<p>El recorrido ser\u00e1 de 6 kil\u00f3- metros, con un desnivel del 4,4%. El ascenso al Chafariz se realizar\u00e1 por asfalto y la bajada por pista de tierra. La carrera de los ni\u00f1os, que est\u00e1 prevista que comience a las 10:05 horas, tendr\u00e1 un recorrido de 500 metros.<\/p>\n<p>&nbsp;<\/p>\n<p>Las personas interesadas en participar en la carrera podr\u00e1n inscribirse y recoger el dorsal el mismo d\u00eda de la celebraci\u00f3n de la misma, desde las 09:00 hasta las 09:45 horas, en el Centro Sociocultural. La carretera que une el pueblo de Tabayesco y el Cruce de Temisa (LZ-207) permanecer\u00e1 cerrada al tr\u00e1fico desde las 9:45 horas hasta la finalizaci\u00f3n de la carrera.<\/p>\n","protected":false},"excerpt":{"rendered":"<p>Los amantes del deporte tienen la posibilidad de participar en la &#8216;VII Carrera Popular de Tabayesco\u2019, que se celebrar\u00e1 el pr\u00f3ximo domingo, 29 de enero, coincidiendo con la celebraci\u00f3n de las Fiestas de Nuestra Se\u00f1ora de La Candelaria. &nbsp; Al igual que en ediciones anteriores, los participantes podr\u00e1n inscribirse en las categor\u00eda de adultos, mayores [&hellip;]<\/p>\n","protected":false},"author":2,"featured_media":0,"comment_status":"closed","ping_status":"closed","sticky":false,"template":"","format":"standard","meta":{"footnotes":""},"categories":[17,11],"tags":[],"class_list":["post-7933","post","type-post","status-publish","format-standard","hentry","category-deportes","category-hoja-de-haria"],"_links":{"self":[{"href":"https:\/\/www.ayuntamientodeharia.com\/haria\/wp-json\/wp\/v2\/posts\/7933","targetHints":{"allow":["GET"]}}],"collection":[{"href":"https:\/\/www.ayuntamientodeharia.com\/haria\/wp-json\/wp\/v2\/posts"}],"about":[{"href":"https:\/\/www.ayuntamientodeharia.com\/haria\/wp-json\/wp\/v2\/types\/post"}],"author":[{"embeddable":true,"href":"https:\/\/www.ayuntamientodeharia.com\/haria\/wp-json\/wp\/v2\/users\/2"}],"replies":[{"embeddable":true,"href":"https:\/\/www.ayuntamientodeharia.com\/haria\/wp-json\/wp\/v2\/comments?post=7933"}],"version-history":[{"count":0,"href":"https:\/\/www.ayuntamientodeharia.com\/haria\/wp-json\/wp\/v2\/posts\/7933\/revisions"}],"wp:attachment":[{"href":"https:\/\/www.ayuntamientodeharia.com\/haria\/wp-json\/wp\/v2\/media?parent=7933"}],"wp:term":[{"taxonomy":"category","embeddable":true,"href":"https:\/\/www.ayuntamientodeharia.com\/haria\/wp-json\/wp\/v2\/categories?post=7933"},{"taxonomy":"post_tag","embeddable":true,"href":"https:\/\/www.ayuntamientodeharia.com\/haria\/wp-json\/wp\/v2\/tags?post=7933"}],"curies":[{"name":"wp","href":"https:\/\/api.w.org\/{rel}","templated":true}]}}