{"id":7931,"date":"2017-01-27T13:50:14","date_gmt":"2017-01-27T13:50:14","guid":{"rendered":"http:\/\/www.ayuntamientodeharia.com\/haria\/?p=7931"},"modified":"2017-01-27T13:50:14","modified_gmt":"2017-01-27T13:50:14","slug":"talleres-de-la-asociacion-milana-en-la-tegala","status":"publish","type":"post","link":"https:\/\/www.ayuntamientodeharia.com\/haria\/talleres-de-la-asociacion-milana-en-la-tegala\/","title":{"rendered":"Talleres de la Asociaci\u00f3n Milana en La Tegala"},"content":{"rendered":"<p>La Asociaci\u00f3n Milana tiene previsto realizar dos talleres en el CSC La Tegala de Har\u00eda. Se trata de \u2018Aplicaciones de la cochinilla en el arte y la artesan\u00eda, que tendr\u00e1 lugar los lunes, de 9:00 a 11:00 horas, y \u2018Tejedur\u00eda de telar en pared, que se desarrollar\u00e1 tambi\u00e9n los lunes, de 11:30h a 13:30h Los talleres dar\u00e1n comienzo el lunes, 30 de enero, previa inscripci\u00f3n o acudiendo ese mismo d\u00eda al inicio.<\/p>\n<p>&nbsp;<\/p>\n<p>Para m\u00e1s informaci\u00f3n pueden contactar con la asociaci\u00f3n la Milana en el tel\u00e9fono 928 529 328 o en el mail asocmilana@gmail.com.<\/p>\n","protected":false},"excerpt":{"rendered":"<p>La Asociaci\u00f3n Milana tiene previsto realizar dos talleres en el CSC La Tegala de Har\u00eda. Se trata de \u2018Aplicaciones de la cochinilla en el arte y la artesan\u00eda, que tendr\u00e1 lugar los lunes, de 9:00 a 11:00 horas, y \u2018Tejedur\u00eda de telar en pared, que se desarrollar\u00e1 tambi\u00e9n los lunes, de 11:30h a 13:30h Los [&hellip;]<\/p>\n","protected":false},"author":2,"featured_media":0,"comment_status":"closed","ping_status":"closed","sticky":false,"template":"","format":"standard","meta":{"footnotes":""},"categories":[32,11],"tags":[],"class_list":["post-7931","post","type-post","status-publish","format-standard","hentry","category-anuncios","category-hoja-de-haria"],"_links":{"self":[{"href":"https:\/\/www.ayuntamientodeharia.com\/haria\/wp-json\/wp\/v2\/posts\/7931","targetHints":{"allow":["GET"]}}],"collection":[{"href":"https:\/\/www.ayuntamientodeharia.com\/haria\/wp-json\/wp\/v2\/posts"}],"about":[{"href":"https:\/\/www.ayuntamientodeharia.com\/haria\/wp-json\/wp\/v2\/types\/post"}],"author":[{"embeddable":true,"href":"https:\/\/www.ayuntamientodeharia.com\/haria\/wp-json\/wp\/v2\/users\/2"}],"replies":[{"embeddable":true,"href":"https:\/\/www.ayuntamientodeharia.com\/haria\/wp-json\/wp\/v2\/comments?post=7931"}],"version-history":[{"count":0,"href":"https:\/\/www.ayuntamientodeharia.com\/haria\/wp-json\/wp\/v2\/posts\/7931\/revisions"}],"wp:attachment":[{"href":"https:\/\/www.ayuntamientodeharia.com\/haria\/wp-json\/wp\/v2\/media?parent=7931"}],"wp:term":[{"taxonomy":"category","embeddable":true,"href":"https:\/\/www.ayuntamientodeharia.com\/haria\/wp-json\/wp\/v2\/categories?post=7931"},{"taxonomy":"post_tag","embeddable":true,"href":"https:\/\/www.ayuntamientodeharia.com\/haria\/wp-json\/wp\/v2\/tags?post=7931"}],"curies":[{"name":"wp","href":"https:\/\/api.w.org\/{rel}","templated":true}]}}