{"id":7928,"date":"2017-01-27T13:46:49","date_gmt":"2017-01-27T13:46:49","guid":{"rendered":"http:\/\/www.ayuntamientodeharia.com\/haria\/?p=7928"},"modified":"2017-01-27T13:49:24","modified_gmt":"2017-01-27T13:49:24","slug":"concentracion-de-los-juegos-insulares-de-promocion-deportiva","status":"publish","type":"post","link":"https:\/\/www.ayuntamientodeharia.com\/haria\/concentracion-de-los-juegos-insulares-de-promocion-deportiva\/","title":{"rendered":"Concentraci\u00f3n de los Juegos Insulares de Promoci\u00f3n Deportiva"},"content":{"rendered":"<p>El s\u00e1bado, 28 de enero, el Pabell\u00f3n y el Colegio San Juan de Har\u00eda acoger\u00e1n una nueva jornada de baloncesto dentro de los Juegos Insulares de Promoci\u00f3n Deportiva, donde los j\u00f3venes benjamines disputar\u00e1n dos encuentros: a las 9:00 horas, en el Pabell\u00f3n, el benjam\u00edn masculino, y a las 11:30 horas, en el Colegio, el benjam\u00edn femenino. Animamos a familiares, amigos y vecinos a disfrutar de esta jornada animado a nuestros representativos.<\/p>\n","protected":false},"excerpt":{"rendered":"<p>El s\u00e1bado, 28 de enero, el Pabell\u00f3n y el Colegio San Juan de Har\u00eda acoger\u00e1n una nueva jornada de baloncesto dentro de los Juegos Insulares de Promoci\u00f3n Deportiva, donde los j\u00f3venes benjamines disputar\u00e1n dos encuentros: a las 9:00 horas, en el Pabell\u00f3n, el benjam\u00edn masculino, y a las 11:30 horas, en el Colegio, el benjam\u00edn [&hellip;]<\/p>\n","protected":false},"author":2,"featured_media":7908,"comment_status":"closed","ping_status":"closed","sticky":false,"template":"","format":"standard","meta":{"footnotes":""},"categories":[17,11],"tags":[],"class_list":["post-7928","post","type-post","status-publish","format-standard","has-post-thumbnail","hentry","category-deportes","category-hoja-de-haria"],"_links":{"self":[{"href":"https:\/\/www.ayuntamientodeharia.com\/haria\/wp-json\/wp\/v2\/posts\/7928","targetHints":{"allow":["GET"]}}],"collection":[{"href":"https:\/\/www.ayuntamientodeharia.com\/haria\/wp-json\/wp\/v2\/posts"}],"about":[{"href":"https:\/\/www.ayuntamientodeharia.com\/haria\/wp-json\/wp\/v2\/types\/post"}],"author":[{"embeddable":true,"href":"https:\/\/www.ayuntamientodeharia.com\/haria\/wp-json\/wp\/v2\/users\/2"}],"replies":[{"embeddable":true,"href":"https:\/\/www.ayuntamientodeharia.com\/haria\/wp-json\/wp\/v2\/comments?post=7928"}],"version-history":[{"count":0,"href":"https:\/\/www.ayuntamientodeharia.com\/haria\/wp-json\/wp\/v2\/posts\/7928\/revisions"}],"wp:featuredmedia":[{"embeddable":true,"href":"https:\/\/www.ayuntamientodeharia.com\/haria\/wp-json\/wp\/v2\/media\/7908"}],"wp:attachment":[{"href":"https:\/\/www.ayuntamientodeharia.com\/haria\/wp-json\/wp\/v2\/media?parent=7928"}],"wp:term":[{"taxonomy":"category","embeddable":true,"href":"https:\/\/www.ayuntamientodeharia.com\/haria\/wp-json\/wp\/v2\/categories?post=7928"},{"taxonomy":"post_tag","embeddable":true,"href":"https:\/\/www.ayuntamientodeharia.com\/haria\/wp-json\/wp\/v2\/tags?post=7928"}],"curies":[{"name":"wp","href":"https:\/\/api.w.org\/{rel}","templated":true}]}}