{"id":7921,"date":"2017-01-27T13:42:27","date_gmt":"2017-01-27T13:42:27","guid":{"rendered":"http:\/\/www.ayuntamientodeharia.com\/haria\/?p=7921"},"modified":"2017-01-27T13:42:59","modified_gmt":"2017-01-27T13:42:59","slug":"marci-acuna-felicita-al-copiloto-ariday-bonilla-por-los-exitos-cosechados-en-2016-2","status":"publish","type":"post","link":"https:\/\/www.ayuntamientodeharia.com\/haria\/marci-acuna-felicita-al-copiloto-ariday-bonilla-por-los-exitos-cosechados-en-2016-2\/","title":{"rendered":"Marci Acu\u00f1a felicita al copiloto Ariday Bonilla por los \u00e9xitos cosechados en 2016"},"content":{"rendered":"<p>El alcalde de Har\u00eda, Marci Acu\u00f1a, recib\u00eda recientemente en el Consistorio norte\u00f1o al joven copiloto Ariday Bonilla, residente en Arrieta, quien se ha proclamado vencedor de las tres \u00faltimas ediciones del \u2018Campeonato de Canarias de Rallys de Asfalto\u2019 con el equipo DISA Copi Sport junto a su compa\u00f1ero Enrique Cruz.<\/p>\n<p>&nbsp;<\/p>\n<p>Bonilla hizo balance de los logros cosechados en el a\u00f1o 2016, destacando el hecho de haber poder compaginar tres campeonatos de gran nivel como son el \u2018Campeonato Nacional de Rallyes de Asfalto\u2019, el \u2018Campeonato Nacional de Rallyes de Tierra\u2019 y el \u2018Campeonato de Canarias de Rallyes de Asfalto\u2019.<\/p>\n<p><!--more--><\/p>\n<p>El joven deportista del municipio traslad\u00f3 adem\u00e1s al primer edil norte\u00f1o sus metas para esta temporada 2017, centradas en un proyecto nacional junto al piloto gallego Roberto Blach, agradeciendo el apoyo recibido de la Corporaci\u00f3n municipal en todo momento.<\/p>\n","protected":false},"excerpt":{"rendered":"<p>El alcalde de Har\u00eda, Marci Acu\u00f1a, recib\u00eda recientemente en el Consistorio norte\u00f1o al joven copiloto Ariday Bonilla, residente en Arrieta, quien se ha proclamado vencedor de las tres \u00faltimas ediciones del \u2018Campeonato de Canarias de Rallys de Asfalto\u2019 con el equipo DISA Copi Sport junto a su compa\u00f1ero Enrique Cruz. &nbsp; Bonilla hizo balance de [&hellip;]<\/p>\n","protected":false},"author":2,"featured_media":7889,"comment_status":"closed","ping_status":"closed","sticky":false,"template":"","format":"standard","meta":{"footnotes":""},"categories":[73,17,11],"tags":[],"class_list":["post-7921","post","type-post","status-publish","format-standard","has-post-thumbnail","hentry","category-alcaldia","category-deportes","category-hoja-de-haria"],"_links":{"self":[{"href":"https:\/\/www.ayuntamientodeharia.com\/haria\/wp-json\/wp\/v2\/posts\/7921","targetHints":{"allow":["GET"]}}],"collection":[{"href":"https:\/\/www.ayuntamientodeharia.com\/haria\/wp-json\/wp\/v2\/posts"}],"about":[{"href":"https:\/\/www.ayuntamientodeharia.com\/haria\/wp-json\/wp\/v2\/types\/post"}],"author":[{"embeddable":true,"href":"https:\/\/www.ayuntamientodeharia.com\/haria\/wp-json\/wp\/v2\/users\/2"}],"replies":[{"embeddable":true,"href":"https:\/\/www.ayuntamientodeharia.com\/haria\/wp-json\/wp\/v2\/comments?post=7921"}],"version-history":[{"count":0,"href":"https:\/\/www.ayuntamientodeharia.com\/haria\/wp-json\/wp\/v2\/posts\/7921\/revisions"}],"wp:featuredmedia":[{"embeddable":true,"href":"https:\/\/www.ayuntamientodeharia.com\/haria\/wp-json\/wp\/v2\/media\/7889"}],"wp:attachment":[{"href":"https:\/\/www.ayuntamientodeharia.com\/haria\/wp-json\/wp\/v2\/media?parent=7921"}],"wp:term":[{"taxonomy":"category","embeddable":true,"href":"https:\/\/www.ayuntamientodeharia.com\/haria\/wp-json\/wp\/v2\/categories?post=7921"},{"taxonomy":"post_tag","embeddable":true,"href":"https:\/\/www.ayuntamientodeharia.com\/haria\/wp-json\/wp\/v2\/tags?post=7921"}],"curies":[{"name":"wp","href":"https:\/\/api.w.org\/{rel}","templated":true}]}}