{"id":7910,"date":"2017-01-27T13:34:34","date_gmt":"2017-01-27T13:34:34","guid":{"rendered":"http:\/\/www.ayuntamientodeharia.com\/haria\/?p=7910"},"modified":"2017-01-27T13:34:34","modified_gmt":"2017-01-27T13:34:34","slug":"balcon-de-haria-46","status":"publish","type":"post","link":"https:\/\/www.ayuntamientodeharia.com\/haria\/balcon-de-haria-46\/","title":{"rendered":"Balc\u00f3n de Har\u00eda"},"content":{"rendered":"<p><a style=\"font-weight: inherit; font-style: inherit; color: #1b8be0;\" href=\"http:\/\/www.ayuntamientodeharia.com\/haria\/wp-content\/uploads\/2016\/01\/gregorio.jpg\"><img decoding=\"async\" class=\"alignleft wp-image-3454\" style=\"font-weight: inherit; font-style: inherit; color: inherit;\" src=\"http:\/\/www.ayuntamientodeharia.com\/haria\/wp-content\/uploads\/2016\/01\/gregorio-246x300.jpg\" alt=\"gregorio\" width=\"114\" height=\"138\" srcset=\"https:\/\/www.ayuntamientodeharia.com\/haria\/wp-content\/uploads\/2016\/01\/gregorio-246x300.jpg 246w, https:\/\/www.ayuntamientodeharia.com\/haria\/wp-content\/uploads\/2016\/01\/gregorio.jpg 249w\" sizes=\"(max-width: 114px) 100vw, 114px\" \/><\/a><\/p>\n<p><strong style=\"font-weight: bold; font-style: inherit; color: inherit;\">Por Gregorio Barreto Vi\u00f1oly<\/strong><\/p>\n<p>&nbsp;<\/p>\n<p>&nbsp;<\/p>\n<h6 style=\"font-weight: inherit;\"><strong>Referencia de los luchadores m\u00e1s antiguos de Har\u00eda, con algunos fallecidos<\/strong><\/h6>\n<p>&nbsp;<\/p>\n<p>Repaso de los luchadores m\u00e1s antiguos de Har\u00eda y fallecidos m\u00e1s j\u00f3venes. Relacionamos primero los m\u00e1s antiguos, con su a\u00f1o de nacimiento:<br \/>\nAmbrosio Rodr\u00edguez Perdomo (1844), conocido por el Colorado, muy habilidoso.<br \/>\nAntonio Valenciano Rijo (1848). De tama\u00f1o medio. Fue un buen luchador.<br \/>\nRafael Feo Perdomo (1852). Mediano y muy efectivo. Era de M\u00e1guez.<br \/>\nManuel Feo Perdomo. (1852). Mediano de estatura. Muy buen luchador. De M\u00e1guez.<br \/>\nFrancisco Perdomo Rosa (1860). Destac\u00f3 con su poco cuerpo. Frasco Rosa. Frasquito.<br \/>\nFelipe de Le\u00f3n Gonz\u00e1lez (1860). Padre de Antonio de Le\u00f3n Clavijo. Procede de Tao.<br \/>\nMamerto P\u00e9rez Betancor (1860). Su madre era de Mala. Vivi\u00f3 en Los Valles y Arrecife.<br \/>\nJuan Bautista de Le\u00f3n y Le\u00f3n (1870). De poco cuerpo fue estilista. Muy organizador.<br \/>\nGervasio Barreto Perdomo (1875). Fue corpulento y muy forzudo, de M\u00e1guez.<br \/>\nEl\u00edas Melgarejo Cabrera (1871), Destac\u00f3 en su juventud y luego emigr\u00f3 a Am\u00e9rica.<br \/>\nFernando Villalba (1850). Aparecen referencias antiguas, pero luego no aparece.<!--more--><br \/>\nPascual Melgarejo Cabrera (1875). Destac\u00f3 en su juventud y al poco emigr\u00f3 a Am\u00e9rica.<br \/>\nL\u00e1zaro Socas Clavijo (1881). Fue una persona corpulenta y muy forzuda, de Har\u00eda.<br \/>\nAntonio de Le\u00f3n Clavijo. (1882). Hijo de Felipe de Le\u00f3n. Falleci\u00f3 con 25 a\u00f1os de pulmon\u00eda.<br \/>\nManuel de Le\u00f3n y Le\u00f3n (1883). Fue conocido por Pollo de M\u00e1guez. Muy aficionado.<br \/>\nSegundo Barreto Figueroa (1883). Fue corpulento y muy forzudo, de M\u00e1guez.<br \/>\nEloy Concepci\u00f3n Fontes (1886). Fue corpulento y bastante forzudo. De M\u00e1guez.<br \/>\nSantiago Barreto Feo (1888).Fue bastante estilista, ma\u00f1oso y habilidoso, de M\u00e1guez.<br \/>\nPedro Luzardo Cabrera (1904). Fue estilista. Fue el padre del Pollo de M\u00e1guez.<br \/>\nCarlos Betancor Cabrera (1905).El Rubio. Pollo de Gu\u00edmar. Excelente.Tenerife-La Palma<br \/>\nSebasti\u00e1n Fern\u00e1ndez Camejo (1905). De Har\u00eda, cas\u00f3 en M\u00e1guez. Corpulento y forzudo.<br \/>\nManuel L\u00f3pez Villalba (1905). Corpulento, forzudo y estilista, del pueblo de Har\u00eda.<br \/>\nJes\u00fas Barreto Barreto (1911). Fue muy estilista. Hijo de Santiago Barreto. De M\u00e1guez.<br \/>\nMariano Perdomo Betancor (1915). Fue un luchador mediano de bastante estilo.<br \/>\nCrist\u00edn Feo Barreto (1915). Fue mediano y bastante forzudo. De M\u00e1guez.<br \/>\nManuel Rodr\u00edguez Betancor (1917). Mediano y forzudo. De M\u00e1guez.<br \/>\nJes\u00fas Barreto Mart\u00ednez (1920). Mediano de cuerpo, hizo muy buenas luchadas.<br \/>\nPedro Perdomo Socas (1920). Luchador mediano y bastante forzudo. De Har\u00eda.<br \/>\nRafael Betancor Torres (1921). Fue luchador de poco cuerpo y muy estilista.<br \/>\nPedro Perdomo Vi\u00f1oly (1923). Fue mediano pero muy forzudo. Puntal del equipo de M\u00e1guez.<br \/>\nManuel Gonz\u00e1lez Armas (1923). El Herre\u00f1o. Era del Hierro. Fue Puntal de M\u00e1guez.<br \/>\nEusebio Romero Luzardo (1925). Luchador de Har\u00eda. Corpulento y muy fuerte.<br \/>\nRom\u00e1n Betancor Rodr\u00edguez. (1926). Corpulento y muy fuerte. De Har\u00eda, cas\u00f3 en M\u00e1guez.<br \/>\nSebasti\u00e1n Rivera de Le\u00f3n (1927). Hac\u00eda muy Buenas luchadas en a\u00f1os de 1940-1950.<br \/>\nJulio Barreto Vi\u00f1oly (1927). De estatura mediana era forzudo y hac\u00eda buenas luchadas.<br \/>\nCarlos Figuera Luzardo (1928). Luchador mediano, ten\u00eda una cadera muy aprovechada.<br \/>\nHeraclio Niz Mesa (1929). Pollo de Arrecife. De lo mejor de Canarias. Naci\u00f3 en M\u00e1guez.<br \/>\nManuel Verdugo Romero (1929). Fue muy fuerte y corpulento, con buenas agarradas.<br \/>\nMat\u00edas Niz Luzardo (1929). Conocido por Pepe Niz. Mediano, fuerte y bastante estilista.<br \/>\nJuan Niz Luzardo (1929). Hombre mediano. Muy fuerte y de continuidad. De M\u00e1guez.<br \/>\nJos\u00e9 Feo Reyes (1930). Conocido por Pepito Feo y El Artista. Mediano y muy estilista.<br \/>\nAdolfo Barreto Perdomo (1930). Mediano y muy forzudo, con muy buenas luchadas.<br \/>\nHiginio Niz Luzardo (1931). Fue muy fuerte y buen luchador, con buenas luchadas.<br \/>\nEduardo Villalba P\u00e9rez (1933). Corpulento y forzudo, con buenas agarradas. De Har\u00eda.<br \/>\nEvaristo Perdomo Hern\u00e1ndez 1933).Pollo de Har\u00eda. Lo mejor de Canarias. Luch\u00f3 en Venezuela<br \/>\nSevero Villalba Betancor (1933). Luchador mediano y efectivo. Era de M\u00e1guez.<br \/>\nAlejandro Barreto Perdomo (1934). Fue muy fuerte y aprovechaba sus buenas ma\u00f1as.<br \/>\nAndr\u00e9s Luzardo Barreto (1935). Pollo de M\u00e1guez. Lo mejor de Canarias. Muy destacado<br \/>\nRafael Hern\u00e1ndez Mart\u00edn (1936). Muy redondo y forzudo, con buenas agarradas.<br \/>\nJos\u00e9 Mart\u00edn Zerpa (1943). Redondo y muy fuerte con buena cogida de muslo.<br \/>\nJuan Rafael Perdomo Perdomo (1945). Alto y estilista. Muri\u00f3 bastante joven.<br \/>\nPedro Brito Perdomo (1951). Fuerte. Muy buen luchador, muri\u00f3 bastante joven.<br \/>\nJuan Antonio Mart\u00edn Montelongo (1973). Pollito del Puerto. Lo mejor. Muerte tr\u00e1gica.<\/p>\n<p>&nbsp;<\/p>\n","protected":false},"excerpt":{"rendered":"<p>Por Gregorio Barreto Vi\u00f1oly &nbsp; &nbsp; Referencia de los luchadores m\u00e1s antiguos de Har\u00eda, con algunos fallecidos &nbsp; Repaso de los luchadores m\u00e1s antiguos de Har\u00eda y fallecidos m\u00e1s j\u00f3venes. Relacionamos primero los m\u00e1s antiguos, con su a\u00f1o de nacimiento: Ambrosio Rodr\u00edguez Perdomo (1844), conocido por el Colorado, muy habilidoso. Antonio Valenciano Rijo (1848). De [&hellip;]<\/p>\n","protected":false},"author":2,"featured_media":0,"comment_status":"closed","ping_status":"closed","sticky":false,"template":"","format":"standard","meta":{"footnotes":""},"categories":[94,11],"tags":[],"class_list":["post-7910","post","type-post","status-publish","format-standard","hentry","category-balcon-de-haria","category-hoja-de-haria"],"_links":{"self":[{"href":"https:\/\/www.ayuntamientodeharia.com\/haria\/wp-json\/wp\/v2\/posts\/7910","targetHints":{"allow":["GET"]}}],"collection":[{"href":"https:\/\/www.ayuntamientodeharia.com\/haria\/wp-json\/wp\/v2\/posts"}],"about":[{"href":"https:\/\/www.ayuntamientodeharia.com\/haria\/wp-json\/wp\/v2\/types\/post"}],"author":[{"embeddable":true,"href":"https:\/\/www.ayuntamientodeharia.com\/haria\/wp-json\/wp\/v2\/users\/2"}],"replies":[{"embeddable":true,"href":"https:\/\/www.ayuntamientodeharia.com\/haria\/wp-json\/wp\/v2\/comments?post=7910"}],"version-history":[{"count":0,"href":"https:\/\/www.ayuntamientodeharia.com\/haria\/wp-json\/wp\/v2\/posts\/7910\/revisions"}],"wp:attachment":[{"href":"https:\/\/www.ayuntamientodeharia.com\/haria\/wp-json\/wp\/v2\/media?parent=7910"}],"wp:term":[{"taxonomy":"category","embeddable":true,"href":"https:\/\/www.ayuntamientodeharia.com\/haria\/wp-json\/wp\/v2\/categories?post=7910"},{"taxonomy":"post_tag","embeddable":true,"href":"https:\/\/www.ayuntamientodeharia.com\/haria\/wp-json\/wp\/v2\/tags?post=7910"}],"curies":[{"name":"wp","href":"https:\/\/api.w.org\/{rel}","templated":true}]}}