{"id":7894,"date":"2017-01-24T08:56:59","date_gmt":"2017-01-24T08:56:59","guid":{"rendered":"http:\/\/www.ayuntamientodeharia.com\/haria\/?p=7894"},"modified":"2017-01-24T09:09:34","modified_gmt":"2017-01-24T09:09:34","slug":"exposicion-dibujos-y-pinturas-de-rafael-cuartielles","status":"publish","type":"post","link":"https:\/\/www.ayuntamientodeharia.com\/haria\/exposicion-dibujos-y-pinturas-de-rafael-cuartielles\/","title":{"rendered":"EXPOSICI\u00d3N &#8211; Dibujos y Pinturas de Rafael Cuartielles"},"content":{"rendered":"<p><a href=\"http:\/\/www.ayuntamientodeharia.com\/haria\/wp-content\/uploads\/2017\/01\/Rafael-Cuartielles.jpg\"><img fetchpriority=\"high\" decoding=\"async\" class=\"alignleft size-full wp-image-7893\" src=\"http:\/\/www.ayuntamientodeharia.com\/haria\/wp-content\/uploads\/2017\/01\/Rafael-Cuartielles.jpg\" alt=\"Rafael Cuartielles\" width=\"831\" height=\"1243\" srcset=\"https:\/\/www.ayuntamientodeharia.com\/haria\/wp-content\/uploads\/2017\/01\/Rafael-Cuartielles.jpg 831w, https:\/\/www.ayuntamientodeharia.com\/haria\/wp-content\/uploads\/2017\/01\/Rafael-Cuartielles-201x300.jpg 201w, https:\/\/www.ayuntamientodeharia.com\/haria\/wp-content\/uploads\/2017\/01\/Rafael-Cuartielles-768x1149.jpg 768w, https:\/\/www.ayuntamientodeharia.com\/haria\/wp-content\/uploads\/2017\/01\/Rafael-Cuartielles-685x1024.jpg 685w\" sizes=\"(max-width: 831px) 100vw, 831px\" \/><\/a><\/p>\n<p><a href=\"http:\/\/www.ayuntamientodeharia.com\/haria\/?wpfb_dl=1060\">Descargar d\u00edptico en PDF (3,25MB)<\/a><\/p>\n<p>&nbsp;<\/p>\n<p><em><strong>\u201cLanzarote est\u00e1 llena de luz, una luz que te abraza por si misma y por su gente\u201d.<\/strong><\/em><br \/>\n<em><strong>\u201cLanzarote is full of light, a light that embraces you for the island itself and for its people\u201d.<\/strong><\/em><br \/>\n<em><strong>Rafael Cuartielles<\/strong><\/em><\/p>\n<p>&nbsp;<\/p>\n<p>Rafael Cuartielles (Barcelona, 1932) es un aut\u00e9ntico maestro del arte contempor\u00e1neo. Su obra, entre otros matices, est\u00e1 llena de sensibilidad interior, de trazos esmerados, firmes y expresivos, de sensaciones puras, de ilusi\u00f3n, de dulzura crom\u00e1tica y de profundidad art\u00edstica. Sencillamente, su t\u00e9cnica pict\u00f3rica es exquisita.<\/p>\n<p>&nbsp;<\/p>\n<p>Cuartielles comienza a tomar clases de pintura y dibujo al natural con Jacinto Oliv\u00e9 a la temprana edad de 12 a\u00f1os. M\u00e1s adelante, entra a estudiar en la Acad\u00e8mia Baixas, una de las instituciones barcelonesas m\u00e1s importantes de la postguerra para, posteriormente, ingresar en La Llotja, la Escuela de Artes y Oficios de Barcelona, donde estudia la t\u00e9cnica del dibujo.<\/p>\n<p>&nbsp;<\/p>\n<p>En 1962 obtiene una beca de la Diputaci\u00f3n de Barcelona para completar sus estudios art\u00edsticos en la Escuela Superior de Bellas Artes de Par\u00eds. All\u00ed se mueve por los entornos m\u00e1s vanguardista de la \u00e9poca y vende toda su obra hasta el momento. M\u00e1s tarde, ya de vuelta en Barcelona, compagina su prol\u00edfica actividad art\u00edstica con la docencia en la Facultad de Bellas Artes de la Universidad de Barcelona (1979-1998).<\/p>\n<p><a href=\"http:\/\/www.ayuntamientodeharia.com\/haria\/wp-content\/uploads\/2017\/01\/Rafael-Cuartielles-01.jpg\"><img decoding=\"async\" class=\"alignleft size-full wp-image-7896\" src=\"http:\/\/www.ayuntamientodeharia.com\/haria\/wp-content\/uploads\/2017\/01\/Rafael-Cuartielles-01.jpg\" alt=\"Rafael Cuartielles 01\" width=\"1593\" height=\"741\" srcset=\"https:\/\/www.ayuntamientodeharia.com\/haria\/wp-content\/uploads\/2017\/01\/Rafael-Cuartielles-01.jpg 1593w, https:\/\/www.ayuntamientodeharia.com\/haria\/wp-content\/uploads\/2017\/01\/Rafael-Cuartielles-01-300x140.jpg 300w, https:\/\/www.ayuntamientodeharia.com\/haria\/wp-content\/uploads\/2017\/01\/Rafael-Cuartielles-01-768x357.jpg 768w, https:\/\/www.ayuntamientodeharia.com\/haria\/wp-content\/uploads\/2017\/01\/Rafael-Cuartielles-01-1024x476.jpg 1024w\" sizes=\"(max-width: 1593px) 100vw, 1593px\" \/><\/a><\/p>\n<p>En lo referente a sus exposiciones, la trayectoria de Rafael resulta envidiable: realiz\u00f3 su primera exposici\u00f3n en 1952, habiendo expuesto en varias ocasiones en galer\u00edas de arte de Par\u00eds, Miami, Jap\u00f3n, Italia y Espa\u00f1a.<\/p>\n<p>&nbsp;<\/p>\n<p>Su obra ha sido valorada por multitud de cr\u00edticos reconocidos como Jos\u00e9 Vall\u00e9s Rovira, Francisco Gal\u00ed, Vicente Amiguet, Jos\u00e9 Arnau, Juan Luis Montaner, Pere Falc\u00f3, Josep Maresme, Luis Do\u00f1ate, etc.<\/p>\n<p>&nbsp;<\/p>\n<p>La obra de Rafael Cuartielles est\u00e1 representada en la Fundaci\u00f3n Rodr\u00edguez Amat, en el museo de Los EEUU, \u201cThe Florida Museum of Hispanic and Latin American Art\u201d, as\u00ed como en la Colecci\u00f3n de Arte del Banco de Sabadell.<\/p>\n<p>&nbsp;<\/p>\n<p>Podemos encontrar su nombre en el Diccionario \u201cR\u00e0fols\u201d de artistas contempor\u00e1neos de Catalu\u00f1a y Baleares.<\/p>\n<p>&nbsp;<\/p>\n<p>Gran parte de su obra es patrimonio de muchos entendidos y coleccionistas privados, tanto de Espa\u00f1a como del extranjero.<\/p>\n<p>&nbsp;<\/p>\n<p>&#8220;In every feeling there is the reality of their own Roots. If the Roots are alive, Vibrations of this present time will have a continuity. In any artistic movement there are two very important points: Roots and last Vibrations.&#8221;<br \/>\nRafael Cuartielles<\/p>\n<p><a href=\"http:\/\/www.ayuntamientodeharia.com\/haria\/wp-content\/uploads\/2017\/01\/Rafael-Cuartielles02.jpg\"><img decoding=\"async\" class=\"alignleft size-full wp-image-7897\" src=\"http:\/\/www.ayuntamientodeharia.com\/haria\/wp-content\/uploads\/2017\/01\/Rafael-Cuartielles02.jpg\" alt=\"Rafael Cuartielles02\" width=\"1575\" height=\"575\" srcset=\"https:\/\/www.ayuntamientodeharia.com\/haria\/wp-content\/uploads\/2017\/01\/Rafael-Cuartielles02.jpg 1575w, https:\/\/www.ayuntamientodeharia.com\/haria\/wp-content\/uploads\/2017\/01\/Rafael-Cuartielles02-300x110.jpg 300w, https:\/\/www.ayuntamientodeharia.com\/haria\/wp-content\/uploads\/2017\/01\/Rafael-Cuartielles02-768x280.jpg 768w, https:\/\/www.ayuntamientodeharia.com\/haria\/wp-content\/uploads\/2017\/01\/Rafael-Cuartielles02-1024x374.jpg 1024w\" sizes=\"(max-width: 1575px) 100vw, 1575px\" \/><\/a><\/p>\n<p>Rafael Cuartielles (Barcelona, 1932) is a true master of contemporary art. His work is full of inner sensitivity, firm and expressive strokes of pure sensations. Full of illusion, and chromatic sweetness, full of artistic depth. His painting technique is simply exquisite.<\/p>\n<p>&nbsp;<\/p>\n<p>Cuartielles begins to take painting classes and life drawing with Jacinto Oliv\u00e9 at the age of 12 years. Later enrolled to study painting at the Acad\u00e8mia Baixas, one of the most important post-war Barcelona institutions. Later he enrolled in La Llotja, School of Arts and Crafts of Barcelona.<\/p>\n<p><a href=\"http:\/\/www.ayuntamientodeharia.com\/haria\/wp-content\/uploads\/2017\/01\/Rafael-Cuartielles03.jpg\"><img loading=\"lazy\" decoding=\"async\" class=\"alignleft size-full wp-image-7898\" src=\"http:\/\/www.ayuntamientodeharia.com\/haria\/wp-content\/uploads\/2017\/01\/Rafael-Cuartielles03.jpg\" alt=\"Rafael Cuartielles03\" width=\"1573\" height=\"490\" srcset=\"https:\/\/www.ayuntamientodeharia.com\/haria\/wp-content\/uploads\/2017\/01\/Rafael-Cuartielles03.jpg 1573w, https:\/\/www.ayuntamientodeharia.com\/haria\/wp-content\/uploads\/2017\/01\/Rafael-Cuartielles03-300x93.jpg 300w, https:\/\/www.ayuntamientodeharia.com\/haria\/wp-content\/uploads\/2017\/01\/Rafael-Cuartielles03-768x239.jpg 768w, https:\/\/www.ayuntamientodeharia.com\/haria\/wp-content\/uploads\/2017\/01\/Rafael-Cuartielles03-1024x319.jpg 1024w\" sizes=\"(max-width: 1573px) 100vw, 1573px\" \/><\/a><\/p>\n<p>In 1962 he obtained a scholarship from the Diputaci\u00f3 de Barcelona to complete his artistic studies in Paris.There he moves by the most avant-garde environments of the time and sells all of his work so far. Later, already back to Barcelona, Rafael combines his prolific artistic activity with teaching at the Faculty of Fine Arts at the University of Barcelona (1979-1998).<\/p>\n<p>&nbsp;<\/p>\n<p>Rafael Cuartielles&#8217;s work is represented in the Rodriguez Amat Foundation, at the USA Museum &#8220;The Florida Museum of Hispanic and Latin American Art&#8221; and at the Banco de Sabadell Art Collection.<\/p>\n<p>&nbsp;<\/p>\n<p>We can find its name in the &#8220;R\u00e0fols&#8221; dictionary of contemporary artists of Catalonia and the Balearic Islands.<\/p>\n<p>&nbsp;<\/p>\n<p>Much of his work is the heritage of many connoisseurs and private collectors, both in Spain and abroad.<\/p>\n<p>&nbsp;<\/p>\n<p>&#8220;La obra de Cuartielles innova por la descomposici\u00f3n de las formas y por el tratamiento especial del color, situ\u00e1ndose m\u00e1s all\u00e1 de referencias puras a nivel de concepto.&#8221;<br \/>\n\u201cCuartielles&#8217;s work innovates by decomposition of the forms and the special color treatment, reaching beyond pure references of concept level.&#8221;<br \/>\nJoan Llu\u00eds Montan\u00e9<\/p>\n<p>&nbsp;<\/p>\n<p>&#8220;La obra de Rafael Cuartielles parte directamente de su realidad m\u00e1s inmediata. Cuartielles no utiliza como m\u00e9todo de trabajo una asimilaci\u00f3n directa de las elucubraciones, \u00e9l va trabajando pensando en t\u00e9rminos realistas y concretos.\u201d<br \/>\n&#8220;The work of Rafael Cuartielles part directly from its most inmediate reality. Cuartielles doesn&#8217;t use as a working method direct assimilations of musings, he works thinking of realistic and concrete terms&#8221;.<br \/>\nJosep Arnau<\/p>\n<p><a href=\"http:\/\/www.ayuntamientodeharia.com\/haria\/wp-content\/uploads\/2017\/01\/Rafael-Cuartielles02.jpg\"><img decoding=\"async\" class=\"alignleft size-full wp-image-7897\" src=\"http:\/\/www.ayuntamientodeharia.com\/haria\/wp-content\/uploads\/2017\/01\/Rafael-Cuartielles02.jpg\" alt=\"Rafael Cuartielles02\" width=\"1575\" height=\"575\" srcset=\"https:\/\/www.ayuntamientodeharia.com\/haria\/wp-content\/uploads\/2017\/01\/Rafael-Cuartielles02.jpg 1575w, https:\/\/www.ayuntamientodeharia.com\/haria\/wp-content\/uploads\/2017\/01\/Rafael-Cuartielles02-300x110.jpg 300w, https:\/\/www.ayuntamientodeharia.com\/haria\/wp-content\/uploads\/2017\/01\/Rafael-Cuartielles02-768x280.jpg 768w, https:\/\/www.ayuntamientodeharia.com\/haria\/wp-content\/uploads\/2017\/01\/Rafael-Cuartielles02-1024x374.jpg 1024w\" sizes=\"(max-width: 1575px) 100vw, 1575px\" \/><\/a><\/p>\n<p>&#8220;La obra del pintor Rafael Cuartielles destaca por su originalidad, sugiriendo una interpretaci\u00f3n subjetiva al que la contempla. Es un lirismo nacido de la fantas\u00eda.&#8221;<\/p>\n<p>&nbsp;<\/p>\n<p>&#8220;Cuartielles&#8217;s work stands out for its originality, suggesting a subjective interpretation to the beholder. It&#8217;s like a lyric theme born of fantasy.&#8221;<br \/>\nFrancesc Gal\u00ed<\/p>\n<p>&nbsp;<\/p>\n<p>Para m\u00e1s informacion sobre el artista Cuartielles y sus obras, contactar con Elena Quevedo en el n\u00famero m\u00f3vil: 666 833 417, o bien visitando su p\u00e1gina web: www.rafaelcuartielles.com, donde podr\u00e1 encontrar toda la informacion acerca del pintor Rafael Cuartielles y sus obras.<\/p>\n<p>&nbsp;<\/p>\n<p>For more information about Cuartielles artist, please contact Elena Quevedo on the phone: +34 666 833 417 or visit the website,www.rafaelcuartielles.com, where you will get all the information about Rafael Cuartielles and his work.<\/p>\n","protected":false},"excerpt":{"rendered":"<p>Descargar d\u00edptico en PDF (3,25MB) &nbsp; \u201cLanzarote est\u00e1 llena de luz, una luz que te abraza por si misma y por su gente\u201d. \u201cLanzarote is full of light, a light that embraces you for the island itself and for its people\u201d. Rafael Cuartielles &nbsp; Rafael Cuartielles (Barcelona, 1932) es un aut\u00e9ntico maestro del arte contempor\u00e1neo. [&hellip;]<\/p>\n","protected":false},"author":2,"featured_media":0,"comment_status":"closed","ping_status":"closed","sticky":false,"template":"","format":"standard","meta":{"footnotes":""},"categories":[16,193],"tags":[],"class_list":["post-7894","post","type-post","status-publish","format-standard","hentry","category-cultura","category-exposiciones"],"_links":{"self":[{"href":"https:\/\/www.ayuntamientodeharia.com\/haria\/wp-json\/wp\/v2\/posts\/7894","targetHints":{"allow":["GET"]}}],"collection":[{"href":"https:\/\/www.ayuntamientodeharia.com\/haria\/wp-json\/wp\/v2\/posts"}],"about":[{"href":"https:\/\/www.ayuntamientodeharia.com\/haria\/wp-json\/wp\/v2\/types\/post"}],"author":[{"embeddable":true,"href":"https:\/\/www.ayuntamientodeharia.com\/haria\/wp-json\/wp\/v2\/users\/2"}],"replies":[{"embeddable":true,"href":"https:\/\/www.ayuntamientodeharia.com\/haria\/wp-json\/wp\/v2\/comments?post=7894"}],"version-history":[{"count":0,"href":"https:\/\/www.ayuntamientodeharia.com\/haria\/wp-json\/wp\/v2\/posts\/7894\/revisions"}],"wp:attachment":[{"href":"https:\/\/www.ayuntamientodeharia.com\/haria\/wp-json\/wp\/v2\/media?parent=7894"}],"wp:term":[{"taxonomy":"category","embeddable":true,"href":"https:\/\/www.ayuntamientodeharia.com\/haria\/wp-json\/wp\/v2\/categories?post=7894"},{"taxonomy":"post_tag","embeddable":true,"href":"https:\/\/www.ayuntamientodeharia.com\/haria\/wp-json\/wp\/v2\/tags?post=7894"}],"curies":[{"name":"wp","href":"https:\/\/api.w.org\/{rel}","templated":true}]}}