{"id":7294,"date":"2016-11-18T14:31:33","date_gmt":"2016-11-18T14:31:33","guid":{"rendered":"http:\/\/www.ayuntamientodeharia.com\/haria\/?p=7294"},"modified":"2016-11-23T09:37:11","modified_gmt":"2016-11-23T09:37:11","slug":"haria-extreme-completo-programa-de-actos","status":"publish","type":"post","link":"https:\/\/www.ayuntamientodeharia.com\/haria\/haria-extreme-completo-programa-de-actos\/","title":{"rendered":"HAR\u00cdA-EXTREME. Completo programa de actos"},"content":{"rendered":"<p>El pistoletazo de salida a los actos que componen el programa lo dar\u00e1 la &#8216;Feria Extreme&#8217; para los corredores, familiares y visitantes, que permanecer\u00e1 abierta hasta el s\u00e1bado. Ser\u00e1 una de las atracciones paralelas al evento, donde se instalar\u00e1n los stands de venta e informaci\u00f3n sobre marcas, carreras y otras empresas.<\/p>\n<p>&nbsp;<\/p>\n<p>El s\u00e1bado ser\u00e1 el d\u00eda grande de la &#8216;Har\u00eda Extreme Lanzarote&#8217;, con la salida de todas las modalidades de carrera. Completar\u00e1n la jornada un mercado artesanal, los diferentes servicios para el corredor, el \u2018Tapeo\u00b4s Runner\u2019, y la fiesta \u2018Binter Extreme\u2019, con conciertos y muchas m\u00e1s sorpresas.<\/p>\n<p><!--more--><\/p>\n<p>&nbsp;<\/p>\n<p>El cierre de la meta de esta VI edici\u00f3n de la &#8216;Har\u00eda Extreme&#8217; ser\u00e1 el domingo a las cinco de la ma\u00f1ana, mientras que la entrega de trofeos para corredores y acompa\u00f1antes ser\u00e1 a las once del mismo d\u00eda en el Auditorio ubicado en el centro tur\u00edstico de Jameos del Agua.<\/p>\n<p>&nbsp;<\/p>\n<p><strong>Viernes, 18 de noviembre <\/strong><\/p>\n<p style=\"padding-left: 30px;\">10:00 a 13:00h.- Retirada de dorsales y chips en la Plaza de Har\u00eda.<\/p>\n<p style=\"padding-left: 30px;\">10:00 a 13:00h.- Feria del Corredor Extreme.<\/p>\n<p style=\"padding-left: 30px;\">16:30 a 19:30h.- Retirada de dorsales y chips en la Plaza de Har\u00eda. 16:30 a 19:30h.- Feria del Corredor Extreme.<\/p>\n<p style=\"padding-left: 30px;\">16:00 a 17:00h.- Retirada de dorsales \u2018Kid\u00b4s Trail\u2019.<\/p>\n<p style=\"padding-left: 30px;\">17:15h.- \u2018Kid\u00b4s Extreme\u2019. Carreras Infantiles.<\/p>\n<p style=\"padding-left: 30px;\">18:00 a 19:30h.- \u2018Tapeo\u00b4s Runner Infantil\u2019.<\/p>\n<p style=\"padding-left: 30px;\">18:15h.- Presentaci\u00f3n \u2018Spain Ultra Cup 2016\u2019.<\/p>\n<p style=\"padding-left: 30px;\">18:30h.- Briefing de carrera en el Centro Sociocultural La Tegala.<\/p>\n<p>&nbsp;<\/p>\n<p><strong>S\u00e1bado, 19 de noviembre <\/strong><\/p>\n<p style=\"padding-left: 30px;\">6:00h.- Guagua lanzadera desde Uga para el p\u00fablico que asista a la salida de la modalidad Cicar Ultra y \u2018Spain Ultra Cup Aml Sport HG\u2019 en Timanfaya.<\/p>\n<p style=\"padding-left: 30px;\">07:00h.- Salida de la modalidad Cicar Ultra y \u2018Spain Ultra Cup AML Sport HG\u2019.<\/p>\n<p style=\"padding-left: 30px;\">08:00h.- Salida de la modalidad Binter Marat\u00f3n y \u2018Copa de Canarias &amp; Spain Ultra Cup MH\u2019 desde la Plaza de Har\u00eda.<\/p>\n<p style=\"padding-left: 30px;\">08:30h.- Salida modalidad Medium desde la Plaza de Har\u00eda.<\/p>\n<p style=\"padding-left: 30px;\">09:00h.- Salida modalidad Starter desde la Plaza de Har\u00eda.<\/p>\n<p style=\"padding-left: 30px;\">10:00 a 14:30h.- Mercado Har\u00eda Artesanal de Har\u00eda.<\/p>\n<p style=\"padding-left: 30px;\">12:00 a 02:00h.- \u2018Tapeo\u00b4s Runner\u2019 en la Plaza de Har\u00eda.<\/p>\n<p style=\"padding-left: 30px;\">10:00 a 20:00h.- Feria Extreme (feria del corredor) en la Plaza de Har\u00eda.<\/p>\n<p style=\"padding-left: 30px;\">11:00 a 18:00h.- Ludoteca, talleres y ocio infantil.<\/p>\n<p style=\"padding-left: 30px;\">12:00 a 02:00h.- Fiesta \u2018Binter Extreme\u2019. Conciertos Extreme: Treintaytantos, DJ Maxi Ferrer y Funtones de Lanzarote, Joes Band de Tenerife y Rockalean de Bilbao.<\/p>\n<p>&nbsp;<\/p>\n<p><strong>Domingo, 20 de noviembre <\/strong><\/p>\n<p style=\"padding-left: 30px;\">05:00h.- Cierre de control meta modalidad Cicar Ultra y \u2018Spain Ultra Cup Aml Sport HG\u2019.<\/p>\n<p style=\"padding-left: 30px;\">11:00h.- Entrega de Trofeos en el Auditorio Jameos del Agua.<\/p>\n<p>&nbsp;<\/p>\n<p><strong> \u2018Kid\u2019s Extreme\u2019 <\/strong><\/p>\n<p>Este viernes, 18 de noviembre, desde la 17:15, ser\u00e1 el momento en que los peque\u00f1os asumir\u00e1n todo el protagonismo en estas carreras de car\u00e1cter no competitivo dentro de la \u2018Har\u00eda Extreme\u2019. Al finalizar la prueba, sobre las 18:00 horas, tendr\u00e1 lugar el \u2018Tapeo\u00b4s Runner Infantil\u2019. Podr\u00e1n participar en las carreras los ni\u00f1os con edades comprendidas entre los 3 y 14 a\u00f1os, cubriendo diferentes distancias en un circuito urbano acorde con su edad.<\/p>\n","protected":false},"excerpt":{"rendered":"<p>El pistoletazo de salida a los actos que componen el programa lo dar\u00e1 la &#8216;Feria Extreme&#8217; para los corredores, familiares y visitantes, que permanecer\u00e1 abierta hasta el s\u00e1bado. Ser\u00e1 una de las atracciones paralelas al evento, donde se instalar\u00e1n los stands de venta e informaci\u00f3n sobre marcas, carreras y otras empresas. &nbsp; El s\u00e1bado ser\u00e1 [&hellip;]<\/p>\n","protected":false},"author":2,"featured_media":7267,"comment_status":"closed","ping_status":"closed","sticky":false,"template":"","format":"standard","meta":{"footnotes":""},"categories":[17,11,25],"tags":[],"class_list":["post-7294","post","type-post","status-publish","format-standard","has-post-thumbnail","hentry","category-deportes","category-hoja-de-haria","category-juventud"],"_links":{"self":[{"href":"https:\/\/www.ayuntamientodeharia.com\/haria\/wp-json\/wp\/v2\/posts\/7294","targetHints":{"allow":["GET"]}}],"collection":[{"href":"https:\/\/www.ayuntamientodeharia.com\/haria\/wp-json\/wp\/v2\/posts"}],"about":[{"href":"https:\/\/www.ayuntamientodeharia.com\/haria\/wp-json\/wp\/v2\/types\/post"}],"author":[{"embeddable":true,"href":"https:\/\/www.ayuntamientodeharia.com\/haria\/wp-json\/wp\/v2\/users\/2"}],"replies":[{"embeddable":true,"href":"https:\/\/www.ayuntamientodeharia.com\/haria\/wp-json\/wp\/v2\/comments?post=7294"}],"version-history":[{"count":0,"href":"https:\/\/www.ayuntamientodeharia.com\/haria\/wp-json\/wp\/v2\/posts\/7294\/revisions"}],"wp:featuredmedia":[{"embeddable":true,"href":"https:\/\/www.ayuntamientodeharia.com\/haria\/wp-json\/wp\/v2\/media\/7267"}],"wp:attachment":[{"href":"https:\/\/www.ayuntamientodeharia.com\/haria\/wp-json\/wp\/v2\/media?parent=7294"}],"wp:term":[{"taxonomy":"category","embeddable":true,"href":"https:\/\/www.ayuntamientodeharia.com\/haria\/wp-json\/wp\/v2\/categories?post=7294"},{"taxonomy":"post_tag","embeddable":true,"href":"https:\/\/www.ayuntamientodeharia.com\/haria\/wp-json\/wp\/v2\/tags?post=7294"}],"curies":[{"name":"wp","href":"https:\/\/api.w.org\/{rel}","templated":true}]}}