{"id":6985,"date":"2016-10-21T13:57:18","date_gmt":"2016-10-21T13:57:18","guid":{"rendered":"http:\/\/www.ayuntamientodeharia.com\/haria\/?p=6985"},"modified":"2016-10-21T13:57:37","modified_gmt":"2016-10-21T13:57:37","slug":"haria-epicentro-de-la-agroecologia-y-la-biodiversidad-de-canarias","status":"publish","type":"post","link":"https:\/\/www.ayuntamientodeharia.com\/haria\/haria-epicentro-de-la-agroecologia-y-la-biodiversidad-de-canarias\/","title":{"rendered":"Har\u00eda, epicentro de la agroecolog\u00eda y la biodiversidad de Canarias"},"content":{"rendered":"<p><strong><a href=\"http:\/\/www.ayuntamientodeharia.com\/haria\/wp-content\/uploads\/2016\/10\/agroecolog\u00eda-1.jpg\"><img decoding=\"async\" class=\"alignleft wp-image-6956\" src=\"http:\/\/www.ayuntamientodeharia.com\/haria\/wp-content\/uploads\/2016\/10\/agroecolog\u00eda-1-300x160.jpg\" alt=\"agroecologia-1\" width=\"247\" height=\"136\" \/><\/a>El municipio norte\u00f1o acogi\u00f3 el pasado fin de semana diferentes eventos encaminados a potenciar la producci\u00f3n y el consumo de productos locales y de temporada<\/strong><\/p>\n<p>&nbsp;<\/p>\n<p>El pasado jueves, 13 de octubre, arrancaba en el municipio de Har\u00eda el \u2018IV Foro de Agroecolog\u00eda y Biodiversidad de Canarias\u2019, cita que se celebra cada dos a\u00f1os con el objetivo de promover la producci\u00f3n ecol\u00f3- gica de las islas y potenciar su consumo, y que en esta ocasi\u00f3n tuvo lugar en el conjunto hist\u00f3rico de Har\u00eda.<\/p>\n<p>&nbsp;<\/p>\n<p>El evento, organizado por el Gobierno de Canarias a trav\u00e9s del Instituto Canario de Calidad Agroalimentaria (ICCA), en colaboraci\u00f3n con el Cabildo de Lanzarote y el propio Ayuntamiento de Har\u00eda, arranc\u00f3 con el II Encuentro de Ecocomedores de Canarias, en el que participaron agricultores, cocineros y miembros de los equipos directivos y asociaciones de madres y padres de los colegios que forman parte de este programa, que persigue la mejora de la calidad de la alimentaci\u00f3n en los comedores escolares a trav\u00e9s de la introducci\u00f3n de productos ecol\u00f3gicos frescos, locales y de temporada.<\/p>\n<p><!--more--><\/p>\n<p>&nbsp;<\/p>\n<p><a href=\"http:\/\/www.ayuntamientodeharia.com\/haria\/wp-content\/uploads\/2016\/10\/agroecolog\u00eda-3.jpg\"><img decoding=\"async\" class=\"alignleft wp-image-6958\" src=\"http:\/\/www.ayuntamientodeharia.com\/haria\/wp-content\/uploads\/2016\/10\/agroecolog\u00eda-3-300x163.jpg\" alt=\"agroecologia-3\" width=\"237\" height=\"133\" \/><\/a>El director del ICCA, Jos\u00e9 D\u00edaz-Flores, acompa\u00f1ado por el consejero insular del Cabildo de Lanzarote, Antonio Morales, y el alcalde de Har\u00eda, Marci Acu\u00f1a inauguraron el viernes el IV Encuentro de Operadores Ecol\u00f3gicos, en el marco del cual se analiz\u00f3 la evoluci\u00f3n del plan de actuaci\u00f3n para el desarrollo de la producci\u00f3n ecol\u00f3gica en Canarias y el papel que desempe\u00f1an las mesas insulares que integran la plataforma de coordinaci\u00f3n del sector ecol\u00f3gico en las islas.<\/p>\n<p>&nbsp;<\/p>\n<p>Otro de los eventos que comprend\u00eda el Foro fue la IV Feria de Agroecolog\u00eda y Biodiversidad de Canarias, que comenz\u00f3 el s\u00e1bado con un mercadillo de productos ecol\u00f3gicos de todas las islas, stands informativos de instituciones y empresas vinculadas a esta tem\u00e1tica, actividades para adultos y ni\u00f1os, actuaciones musicales y una cantina ecol\u00f3gica, en los que la agroecolog\u00eda y la alimentaci\u00f3n ecol\u00f3gica funcionaron como eje vertebrador.<\/p>\n<p>&nbsp;<\/p>\n<p><a href=\"http:\/\/www.ayuntamientodeharia.com\/haria\/wp-content\/uploads\/2016\/10\/agroecolog\u00eda-2.jpg\"><img decoding=\"async\" class=\"alignleft size-medium wp-image-6957\" src=\"http:\/\/www.ayuntamientodeharia.com\/haria\/wp-content\/uploads\/2016\/10\/agroecolog\u00eda-2-300x147.jpg\" alt=\"agroecologia-2\" width=\"300\" height=\"147\" srcset=\"https:\/\/www.ayuntamientodeharia.com\/haria\/wp-content\/uploads\/2016\/10\/agroecolog\u00eda-2-300x147.jpg 300w, https:\/\/www.ayuntamientodeharia.com\/haria\/wp-content\/uploads\/2016\/10\/agroecolog\u00eda-2-768x376.jpg 768w, https:\/\/www.ayuntamientodeharia.com\/haria\/wp-content\/uploads\/2016\/10\/agroecolog\u00eda-2.jpg 880w\" sizes=\"(max-width: 300px) 100vw, 300px\" \/><\/a>Se sumaron a la oferta dos jornadas tem\u00e1ticas impartidas por especialistas sobre sistemas agroecol\u00f3gicos de secano en Lanzarote y alimentos ecol\u00f3gicos, charlas informativas sobre ganader\u00eda ecol\u00f3gica y la creaci\u00f3n de redes de semillas, talleres de elaboraci\u00f3n de gofio y cervezas ecol\u00f3gicas y de interpretaci\u00f3n del etiquetado de los alimentos ecol\u00f3gicos, catas comentadas de vinos y quesos ecol\u00f3gicos y la segunda edici\u00f3n de los premios de reconocimiento a personas y entidades por su dedicaci\u00f3n al desarrollo y fomento de la agricultura ecol\u00f3gica en Canarias, entre otras acciones. Adem\u00e1s, el s\u00e1bado por la tarde se proyectaron los documentales \u2018La Palma ecol\u00f3gica\u2019, dirigido por Estrella Monterrey, y \u2018En busca de sentido\u2019, de Marc de la M\u00e9nardi\u00e8re, que asisti\u00f3 al evento.<\/p>\n<p>&nbsp;<\/p>\n<p>El domingo, se celebr\u00f3 un encuentro de Sabios de la Tierra, coordinado por el concejal de agricultura, ganader\u00eda y medio ambiente, Jos\u00e9 P\u00e9rez Dorta, donde participaron varios agricultores y ganaderos de la Isla de dilatada experiencia. Durante este encuentro se dej\u00f3 claro que la agricultura y ganader\u00eda tradicional en la Isla se desarroll\u00f3, hasta los a\u00f1os 60, de forma sostenible y en perfecta armon\u00eda con el medio ambiente. Por otro lado la compa\u00f1\u00eda Revolotearte ofreci\u00f3 un espect\u00e1culo que conjuga v\u00eddeo, poes\u00eda esc\u00e9nica y danza para adentrarse en la historia de las mujeres rurales.<\/p>\n<p>&nbsp;<\/p>\n<p>El alcalde de Har\u00eda, Marci Acu\u00f1a, pone \u00e9nfasis en la importancia que tiene el hecho de que el municipio norte\u00f1o acoja eventos de este tipo \u201cpor su repercusi\u00f3n a nivel regional, as\u00ed como por el movimiento econ\u00f3mico generado durante el fin de semana por las numerosas personas que acudieron a los actos programados\u201d. Para el concejal de agricultura, ganader\u00eda y medio ambiente, Jos\u00e9 P\u00e9rez Dorta, la celebraci\u00f3n del IV Foro de Agroecolog\u00eda y Biodiversidad de Canarias ha supuesto fijar los objetivos de futuro para el modelo de desarrollo de una agricultura y ganader\u00eda sostenible donde prime la calidad agroalimentaria.<\/p>\n","protected":false},"excerpt":{"rendered":"<p>El municipio norte\u00f1o acogi\u00f3 el pasado fin de semana diferentes eventos encaminados a potenciar la producci\u00f3n y el consumo de productos locales y de temporada &nbsp; El pasado jueves, 13 de octubre, arrancaba en el municipio de Har\u00eda el \u2018IV Foro de Agroecolog\u00eda y Biodiversidad de Canarias\u2019, cita que se celebra cada dos a\u00f1os con [&hellip;]<\/p>\n","protected":false},"author":2,"featured_media":0,"comment_status":"closed","ping_status":"closed","sticky":false,"template":"","format":"standard","meta":{"footnotes":""},"categories":[20,11],"tags":[],"class_list":["post-6985","post","type-post","status-publish","format-standard","hentry","category-agricultura","category-hoja-de-haria"],"_links":{"self":[{"href":"https:\/\/www.ayuntamientodeharia.com\/haria\/wp-json\/wp\/v2\/posts\/6985","targetHints":{"allow":["GET"]}}],"collection":[{"href":"https:\/\/www.ayuntamientodeharia.com\/haria\/wp-json\/wp\/v2\/posts"}],"about":[{"href":"https:\/\/www.ayuntamientodeharia.com\/haria\/wp-json\/wp\/v2\/types\/post"}],"author":[{"embeddable":true,"href":"https:\/\/www.ayuntamientodeharia.com\/haria\/wp-json\/wp\/v2\/users\/2"}],"replies":[{"embeddable":true,"href":"https:\/\/www.ayuntamientodeharia.com\/haria\/wp-json\/wp\/v2\/comments?post=6985"}],"version-history":[{"count":0,"href":"https:\/\/www.ayuntamientodeharia.com\/haria\/wp-json\/wp\/v2\/posts\/6985\/revisions"}],"wp:attachment":[{"href":"https:\/\/www.ayuntamientodeharia.com\/haria\/wp-json\/wp\/v2\/media?parent=6985"}],"wp:term":[{"taxonomy":"category","embeddable":true,"href":"https:\/\/www.ayuntamientodeharia.com\/haria\/wp-json\/wp\/v2\/categories?post=6985"},{"taxonomy":"post_tag","embeddable":true,"href":"https:\/\/www.ayuntamientodeharia.com\/haria\/wp-json\/wp\/v2\/tags?post=6985"}],"curies":[{"name":"wp","href":"https:\/\/api.w.org\/{rel}","templated":true}]}}