{"id":6983,"date":"2016-10-21T13:54:39","date_gmt":"2016-10-21T13:54:39","guid":{"rendered":"http:\/\/www.ayuntamientodeharia.com\/haria\/?p=6983"},"modified":"2016-10-21T13:55:00","modified_gmt":"2016-10-21T13:55:00","slug":"reconocimiento-a-la-labor-de-los-productores-ecologicos-jose-martinez-y-manuel-pelaez","status":"publish","type":"post","link":"https:\/\/www.ayuntamientodeharia.com\/haria\/reconocimiento-a-la-labor-de-los-productores-ecologicos-jose-martinez-y-manuel-pelaez\/","title":{"rendered":"Reconocimiento a la labor de los productores ecol\u00f3gicos Jos\u00e9 Mart\u00ednez y Manuel Pel\u00e1ez"},"content":{"rendered":"<p><a href=\"http:\/\/www.ayuntamientodeharia.com\/haria\/wp-content\/uploads\/2016\/10\/Productores-ecologicos.jpg\"><img decoding=\"async\" class=\"alignleft wp-image-6962\" src=\"http:\/\/www.ayuntamientodeharia.com\/haria\/wp-content\/uploads\/2016\/10\/Productores-ecologicos-300x154.jpg\" alt=\"productores-ecologicos\" width=\"259\" height=\"138\" \/><\/a>El Instituto Canario de Calidad Agroalimentaria (ICCA), hizo entrega este fin de semana, en el marco del \u2018IV Foro de Agroecolog\u00eda y Biodiversidad de Canarias\u2019, los premios de reconocimiento a personas y entidades por su dedicaci\u00f3n al desarrollo y fomento de la agricultura ecol\u00f3gica en Canarias, que en este ocasi\u00f3n fueron otorgados a los productores Jos\u00e9 Mart\u00ednez y Manuel Pel\u00e1ez. Jos\u00e9 Mart\u00ednez y Manuel Pel\u00e1ez fueron de los primeros productores en sumarse a una decena de agricultores de fin de semana sensibilizados con la salud que, en 2004, crearon la Asociaci\u00f3n de Agricultura y Ganader\u00eda Ecol\u00f3gica &#8216;La Tanganilla&#8217;, a trav\u00e9s de la que ponen en marcha un proceso de informaci\u00f3n, formaci\u00f3n y sensibilizaci\u00f3n social.<\/p>\n<p>&nbsp;<\/p>\n<p>En el caso del hariano Jos\u00e9 Mart\u00ednez, este puso en marcha una de las primeras fincas ecol\u00f3gicas de Lanzarote en La Atalaya (Har\u00eda). Cuenta con una explotaci\u00f3n agr\u00edcola y ganadera con certificaci\u00f3n ecol\u00f3gica desde 2005, poniendo en marcha la actividad de la primera queser\u00eda ecol\u00f3gica de Lanzarote en 2006 y elaborando, adem\u00e1s de quesos, yogures ecol\u00f3gicos. Jos\u00e9 Mart\u00ednez ha colaborado en la creaci\u00f3n de varias cooperativas; \u201cSiete Colmenas\u201d.<\/p>\n<p><!--more--><\/p>\n<p>&nbsp;<\/p>\n<p>Fue miembro de la comisi\u00f3n encargada de elaborar el informe para la declaraci\u00f3n de Lanzarote libre de transg\u00e9nicos. Manuel Pel\u00e1ez fue uno de los impulsores de la puesta en marcha de las fincas de gesti\u00f3n autosuficiente, colaborando adem\u00e1s en la recuperaci\u00f3n de razas de animales aut\u00f3ctonas como el cochinillo negro canario. Desde el Ayuntamiento de Har\u00eda se quiere felicitar a Manuel Pel\u00e1ez y a Jos\u00e9 Mart\u00ednez por este merecido reconocimiento en defensa de la agricultura y ganader\u00eda ecol\u00f3gica en la Isla.<\/p>\n","protected":false},"excerpt":{"rendered":"<p>El Instituto Canario de Calidad Agroalimentaria (ICCA), hizo entrega este fin de semana, en el marco del \u2018IV Foro de Agroecolog\u00eda y Biodiversidad de Canarias\u2019, los premios de reconocimiento a personas y entidades por su dedicaci\u00f3n al desarrollo y fomento de la agricultura ecol\u00f3gica en Canarias, que en este ocasi\u00f3n fueron otorgados a los productores [&hellip;]<\/p>\n","protected":false},"author":2,"featured_media":0,"comment_status":"closed","ping_status":"closed","sticky":false,"template":"","format":"standard","meta":{"footnotes":""},"categories":[20,11],"tags":[],"class_list":["post-6983","post","type-post","status-publish","format-standard","hentry","category-agricultura","category-hoja-de-haria"],"_links":{"self":[{"href":"https:\/\/www.ayuntamientodeharia.com\/haria\/wp-json\/wp\/v2\/posts\/6983","targetHints":{"allow":["GET"]}}],"collection":[{"href":"https:\/\/www.ayuntamientodeharia.com\/haria\/wp-json\/wp\/v2\/posts"}],"about":[{"href":"https:\/\/www.ayuntamientodeharia.com\/haria\/wp-json\/wp\/v2\/types\/post"}],"author":[{"embeddable":true,"href":"https:\/\/www.ayuntamientodeharia.com\/haria\/wp-json\/wp\/v2\/users\/2"}],"replies":[{"embeddable":true,"href":"https:\/\/www.ayuntamientodeharia.com\/haria\/wp-json\/wp\/v2\/comments?post=6983"}],"version-history":[{"count":0,"href":"https:\/\/www.ayuntamientodeharia.com\/haria\/wp-json\/wp\/v2\/posts\/6983\/revisions"}],"wp:attachment":[{"href":"https:\/\/www.ayuntamientodeharia.com\/haria\/wp-json\/wp\/v2\/media?parent=6983"}],"wp:term":[{"taxonomy":"category","embeddable":true,"href":"https:\/\/www.ayuntamientodeharia.com\/haria\/wp-json\/wp\/v2\/categories?post=6983"},{"taxonomy":"post_tag","embeddable":true,"href":"https:\/\/www.ayuntamientodeharia.com\/haria\/wp-json\/wp\/v2\/tags?post=6983"}],"curies":[{"name":"wp","href":"https:\/\/api.w.org\/{rel}","templated":true}]}}