{"id":6981,"date":"2016-10-21T13:53:01","date_gmt":"2016-10-21T13:53:01","guid":{"rendered":"http:\/\/www.ayuntamientodeharia.com\/haria\/?p=6981"},"modified":"2016-10-21T13:53:01","modified_gmt":"2016-10-21T13:53:01","slug":"regresan-de-zaragoza-los-mayores-del-municipio","status":"publish","type":"post","link":"https:\/\/www.ayuntamientodeharia.com\/haria\/regresan-de-zaragoza-los-mayores-del-municipio\/","title":{"rendered":"Regresan de Zaragoza los mayores del municipio"},"content":{"rendered":"<p><a href=\"http:\/\/www.ayuntamientodeharia.com\/haria\/wp-content\/uploads\/2016\/10\/viaje-Zaragoza.jpg\"><img decoding=\"async\" class=\"alignleft  wp-image-6954\" src=\"http:\/\/www.ayuntamientodeharia.com\/haria\/wp-content\/uploads\/2016\/10\/viaje-Zaragoza-267x300.jpg\" alt=\"viaje-zaragoza\" width=\"185\" height=\"207\" srcset=\"https:\/\/www.ayuntamientodeharia.com\/haria\/wp-content\/uploads\/2016\/10\/viaje-Zaragoza-267x300.jpg 267w, https:\/\/www.ayuntamientodeharia.com\/haria\/wp-content\/uploads\/2016\/10\/viaje-Zaragoza-768x864.jpg 768w, https:\/\/www.ayuntamientodeharia.com\/haria\/wp-content\/uploads\/2016\/10\/viaje-Zaragoza-910x1024.jpg 910w, https:\/\/www.ayuntamientodeharia.com\/haria\/wp-content\/uploads\/2016\/10\/viaje-Zaragoza.jpg 1087w\" sizes=\"(max-width: 185px) 100vw, 185px\" \/><\/a>Un total de 45 personas disfrutaron del viaje organizado por el Ayuntamiento, a trav\u00e9s del \u00c1rea de la Tercera Edad, que coordina Mar\u00eda Auxiliadora Fern\u00e1ndez, a Zaragoza, con motivo de las Fiestas del Pilar, del 11 al 17 de octubre.<\/p>\n<p>&nbsp;<\/p>\n<p>El itinerario, que hizo las delicias de los asistentes, inclu\u00eda la visita a lugares como Tarazona, Huesca, Fuendetodos, Belchite, el Monasterio de Piedra, Calatayud, Tudela, Bujaraloz o Pe\u00f1alba<\/p>\n","protected":false},"excerpt":{"rendered":"<p>Un total de 45 personas disfrutaron del viaje organizado por el Ayuntamiento, a trav\u00e9s del \u00c1rea de la Tercera Edad, que coordina Mar\u00eda Auxiliadora Fern\u00e1ndez, a Zaragoza, con motivo de las Fiestas del Pilar, del 11 al 17 de octubre. &nbsp; El itinerario, que hizo las delicias de los asistentes, inclu\u00eda la visita a lugares [&hellip;]<\/p>\n","protected":false},"author":2,"featured_media":6954,"comment_status":"closed","ping_status":"closed","sticky":false,"template":"","format":"standard","meta":{"footnotes":""},"categories":[11,61],"tags":[],"class_list":["post-6981","post","type-post","status-publish","format-standard","has-post-thumbnail","hentry","category-hoja-de-haria","category-tercera-edad"],"_links":{"self":[{"href":"https:\/\/www.ayuntamientodeharia.com\/haria\/wp-json\/wp\/v2\/posts\/6981","targetHints":{"allow":["GET"]}}],"collection":[{"href":"https:\/\/www.ayuntamientodeharia.com\/haria\/wp-json\/wp\/v2\/posts"}],"about":[{"href":"https:\/\/www.ayuntamientodeharia.com\/haria\/wp-json\/wp\/v2\/types\/post"}],"author":[{"embeddable":true,"href":"https:\/\/www.ayuntamientodeharia.com\/haria\/wp-json\/wp\/v2\/users\/2"}],"replies":[{"embeddable":true,"href":"https:\/\/www.ayuntamientodeharia.com\/haria\/wp-json\/wp\/v2\/comments?post=6981"}],"version-history":[{"count":0,"href":"https:\/\/www.ayuntamientodeharia.com\/haria\/wp-json\/wp\/v2\/posts\/6981\/revisions"}],"wp:featuredmedia":[{"embeddable":true,"href":"https:\/\/www.ayuntamientodeharia.com\/haria\/wp-json\/wp\/v2\/media\/6954"}],"wp:attachment":[{"href":"https:\/\/www.ayuntamientodeharia.com\/haria\/wp-json\/wp\/v2\/media?parent=6981"}],"wp:term":[{"taxonomy":"category","embeddable":true,"href":"https:\/\/www.ayuntamientodeharia.com\/haria\/wp-json\/wp\/v2\/categories?post=6981"},{"taxonomy":"post_tag","embeddable":true,"href":"https:\/\/www.ayuntamientodeharia.com\/haria\/wp-json\/wp\/v2\/tags?post=6981"}],"curies":[{"name":"wp","href":"https:\/\/api.w.org\/{rel}","templated":true}]}}