{"id":6979,"date":"2016-10-21T13:51:23","date_gmt":"2016-10-21T13:51:23","guid":{"rendered":"http:\/\/www.ayuntamientodeharia.com\/haria\/?p=6979"},"modified":"2016-10-21T13:51:33","modified_gmt":"2016-10-21T13:51:33","slug":"comienzan-a-impartirse-las-clases-de-tai-chi","status":"publish","type":"post","link":"https:\/\/www.ayuntamientodeharia.com\/haria\/comienzan-a-impartirse-las-clases-de-tai-chi\/","title":{"rendered":"Comienzan a impartirse las clases de Tai Chi"},"content":{"rendered":"<p><a href=\"http:\/\/www.ayuntamientodeharia.com\/haria\/wp-content\/uploads\/2016\/10\/Tai-chi.jpg\"><img decoding=\"async\" class=\"alignleft wp-image-6964\" src=\"http:\/\/www.ayuntamientodeharia.com\/haria\/wp-content\/uploads\/2016\/10\/Tai-chi-300x225.jpg\" alt=\"tai-chi\" width=\"244\" height=\"185\" \/><\/a>La concejal\u00eda de Deportes, coordinada por Ivens P\u00e9rez Hern\u00e1ndez, informa a los\/as vecinos\/as del municipio que ya han comenzado a impartirse las clases gratuitas de Tai Chi.<\/p>\n<p>&nbsp;<\/p>\n<p>Las clases de nivel avanzado se imparten los lunes y mi\u00e9rcoles de 18:00h. a 19:00h. en el Centro Sociocultural La Garita de Arrieta y los viernes en el mismo horario en el Centro Sociocultural LaTegala de Har\u00eda, mientras que las clases de nivel b\u00e1sico se imparten los martes de 18:00h. a 19:00h. en el Centro Sociocultural La Garita de Arrieta y los viernes en el mismo horario en el Centro Sociocultural La Tegala de Har\u00eda.<\/p>\n<p><!--more--><\/p>\n<p>&nbsp;<\/p>\n<p>Las personas interesadas en practicar este deporte deben ponerse en contacto con el monitor llamando al 653404970 o bien pasando por el lugar de impartici\u00f3n de las clases.<\/p>\n","protected":false},"excerpt":{"rendered":"<p>La concejal\u00eda de Deportes, coordinada por Ivens P\u00e9rez Hern\u00e1ndez, informa a los\/as vecinos\/as del municipio que ya han comenzado a impartirse las clases gratuitas de Tai Chi. &nbsp; Las clases de nivel avanzado se imparten los lunes y mi\u00e9rcoles de 18:00h. a 19:00h. en el Centro Sociocultural La Garita de Arrieta y los viernes en [&hellip;]<\/p>\n","protected":false},"author":2,"featured_media":0,"comment_status":"closed","ping_status":"closed","sticky":false,"template":"","format":"standard","meta":{"footnotes":""},"categories":[17,11],"tags":[],"class_list":["post-6979","post","type-post","status-publish","format-standard","hentry","category-deportes","category-hoja-de-haria"],"_links":{"self":[{"href":"https:\/\/www.ayuntamientodeharia.com\/haria\/wp-json\/wp\/v2\/posts\/6979","targetHints":{"allow":["GET"]}}],"collection":[{"href":"https:\/\/www.ayuntamientodeharia.com\/haria\/wp-json\/wp\/v2\/posts"}],"about":[{"href":"https:\/\/www.ayuntamientodeharia.com\/haria\/wp-json\/wp\/v2\/types\/post"}],"author":[{"embeddable":true,"href":"https:\/\/www.ayuntamientodeharia.com\/haria\/wp-json\/wp\/v2\/users\/2"}],"replies":[{"embeddable":true,"href":"https:\/\/www.ayuntamientodeharia.com\/haria\/wp-json\/wp\/v2\/comments?post=6979"}],"version-history":[{"count":0,"href":"https:\/\/www.ayuntamientodeharia.com\/haria\/wp-json\/wp\/v2\/posts\/6979\/revisions"}],"wp:attachment":[{"href":"https:\/\/www.ayuntamientodeharia.com\/haria\/wp-json\/wp\/v2\/media?parent=6979"}],"wp:term":[{"taxonomy":"category","embeddable":true,"href":"https:\/\/www.ayuntamientodeharia.com\/haria\/wp-json\/wp\/v2\/categories?post=6979"},{"taxonomy":"post_tag","embeddable":true,"href":"https:\/\/www.ayuntamientodeharia.com\/haria\/wp-json\/wp\/v2\/tags?post=6979"}],"curies":[{"name":"wp","href":"https:\/\/api.w.org\/{rel}","templated":true}]}}