{"id":6976,"date":"2016-10-21T13:49:43","date_gmt":"2016-10-21T13:49:43","guid":{"rendered":"http:\/\/www.ayuntamientodeharia.com\/haria\/?p=6976"},"modified":"2016-10-21T13:50:19","modified_gmt":"2016-10-21T13:50:19","slug":"excelente-participacion-del-volcan-de-la-corona-gruas-san-gines-en-el-i-encuentro-de-vela-latina-canaria","status":"publish","type":"post","link":"https:\/\/www.ayuntamientodeharia.com\/haria\/excelente-participacion-del-volcan-de-la-corona-gruas-san-gines-en-el-i-encuentro-de-vela-latina-canaria\/","title":{"rendered":"Excelente participaci\u00f3n del \u2018Volc\u00e1n de La Corona-Gr\u00faas San Gin\u00e9s\u2019 en el \u2018I Encuentro de Vela Latina Canaria\u2019"},"content":{"rendered":"<p><a href=\"http:\/\/www.ayuntamientodeharia.com\/haria\/wp-content\/uploads\/2016\/10\/barco-volcan-de-la-corona.jpg\"><img decoding=\"async\" class=\"alignleft wp-image-6959\" src=\"http:\/\/www.ayuntamientodeharia.com\/haria\/wp-content\/uploads\/2016\/10\/barco-volcan-de-la-corona-300x273.jpg\" alt=\"barco-volcan-de-la-corona\" width=\"223\" height=\"204\" srcset=\"https:\/\/www.ayuntamientodeharia.com\/haria\/wp-content\/uploads\/2016\/10\/barco-volcan-de-la-corona-300x273.jpg 300w, https:\/\/www.ayuntamientodeharia.com\/haria\/wp-content\/uploads\/2016\/10\/barco-volcan-de-la-corona.jpg 617w\" sizes=\"(max-width: 223px) 100vw, 223px\" \/><\/a>El barco de vela latina \u2018Volc\u00e1n de La Corona-Gr\u00faas San Gin\u00e9s\u2019, perteneciente al Ayuntamiento de Har\u00eda, particip\u00f3 el s\u00e1bado, 15 de octubre, en el \u2018I Encuentro de Vela Latina Canaria\u2019 celebrado en el Muelle Deportivo de Las Palmas de Gran Canaria Esta interesante iniciativa deportiva ha sido posible gracias a la implicaci\u00f3n y esfuerzo de diferentes administraciones como el Gobierno de Canarias, Cabildo de Gran Canaria, Cabildo de Lanzarote y Ayuntamiento de Las Palmas de Gran Canaria, junto a las federaciones de Vela Latina Canaria.<\/p>\n<p><!--more--><\/p>\n<p>&nbsp;<\/p>\n<p><a href=\"http:\/\/www.ayuntamientodeharia.com\/haria\/wp-content\/uploads\/2016\/10\/tripulacion-volcan-de-la-corona.jpg\"><img decoding=\"async\" class=\"alignleft size-medium wp-image-6953\" src=\"http:\/\/www.ayuntamientodeharia.com\/haria\/wp-content\/uploads\/2016\/10\/tripulacion-volcan-de-la-corona-300x152.jpg\" alt=\"tripulacion-volcan-de-la-corona\" width=\"300\" height=\"152\" srcset=\"https:\/\/www.ayuntamientodeharia.com\/haria\/wp-content\/uploads\/2016\/10\/tripulacion-volcan-de-la-corona-300x152.jpg 300w, https:\/\/www.ayuntamientodeharia.com\/haria\/wp-content\/uploads\/2016\/10\/tripulacion-volcan-de-la-corona-768x389.jpg 768w, https:\/\/www.ayuntamientodeharia.com\/haria\/wp-content\/uploads\/2016\/10\/tripulacion-volcan-de-la-corona-1024x518.jpg 1024w, https:\/\/www.ayuntamientodeharia.com\/haria\/wp-content\/uploads\/2016\/10\/tripulacion-volcan-de-la-corona.jpg 1110w\" sizes=\"(max-width: 300px) 100vw, 300px\" \/><\/a>El \u2018Volc\u00e1n de La Corona-Gr\u00faas San Gin\u00e9s\u2019, patroneado por David Martin, realiz\u00f3 una excelente regata en este Encuentro. Desde el Ayuntamiento de Har\u00eda se quiere felicitar a toda la tripulaci\u00f3n por el excelente trabajo realizado.<\/p>\n<p>&nbsp;<\/p>\n<p>Con este tipo de iniciativas se contribuye a mantener y promocionar la pr\u00e1ctica de uno de los deportes vern\u00e1culos m\u00e1s significativos de nuestra tierra.<\/p>\n","protected":false},"excerpt":{"rendered":"<p>El barco de vela latina \u2018Volc\u00e1n de La Corona-Gr\u00faas San Gin\u00e9s\u2019, perteneciente al Ayuntamiento de Har\u00eda, particip\u00f3 el s\u00e1bado, 15 de octubre, en el \u2018I Encuentro de Vela Latina Canaria\u2019 celebrado en el Muelle Deportivo de Las Palmas de Gran Canaria Esta interesante iniciativa deportiva ha sido posible gracias a la implicaci\u00f3n y esfuerzo de [&hellip;]<\/p>\n","protected":false},"author":2,"featured_media":0,"comment_status":"closed","ping_status":"closed","sticky":false,"template":"","format":"standard","meta":{"footnotes":""},"categories":[17,11],"tags":[],"class_list":["post-6976","post","type-post","status-publish","format-standard","hentry","category-deportes","category-hoja-de-haria"],"_links":{"self":[{"href":"https:\/\/www.ayuntamientodeharia.com\/haria\/wp-json\/wp\/v2\/posts\/6976","targetHints":{"allow":["GET"]}}],"collection":[{"href":"https:\/\/www.ayuntamientodeharia.com\/haria\/wp-json\/wp\/v2\/posts"}],"about":[{"href":"https:\/\/www.ayuntamientodeharia.com\/haria\/wp-json\/wp\/v2\/types\/post"}],"author":[{"embeddable":true,"href":"https:\/\/www.ayuntamientodeharia.com\/haria\/wp-json\/wp\/v2\/users\/2"}],"replies":[{"embeddable":true,"href":"https:\/\/www.ayuntamientodeharia.com\/haria\/wp-json\/wp\/v2\/comments?post=6976"}],"version-history":[{"count":0,"href":"https:\/\/www.ayuntamientodeharia.com\/haria\/wp-json\/wp\/v2\/posts\/6976\/revisions"}],"wp:attachment":[{"href":"https:\/\/www.ayuntamientodeharia.com\/haria\/wp-json\/wp\/v2\/media?parent=6976"}],"wp:term":[{"taxonomy":"category","embeddable":true,"href":"https:\/\/www.ayuntamientodeharia.com\/haria\/wp-json\/wp\/v2\/categories?post=6976"},{"taxonomy":"post_tag","embeddable":true,"href":"https:\/\/www.ayuntamientodeharia.com\/haria\/wp-json\/wp\/v2\/tags?post=6976"}],"curies":[{"name":"wp","href":"https:\/\/api.w.org\/{rel}","templated":true}]}}