{"id":6974,"date":"2016-10-21T13:48:01","date_gmt":"2016-10-21T13:48:01","guid":{"rendered":"http:\/\/www.ayuntamientodeharia.com\/haria\/?p=6974"},"modified":"2016-10-21T13:48:01","modified_gmt":"2016-10-21T13:48:01","slug":"el-consejo-regulador-convoca-a-los-viticultores-de-la-isla","status":"publish","type":"post","link":"https:\/\/www.ayuntamientodeharia.com\/haria\/el-consejo-regulador-convoca-a-los-viticultores-de-la-isla\/","title":{"rendered":"El Consejo Regulador convoca a los viticultores de la Isla"},"content":{"rendered":"<p>La Concejal\u00eda de Agricultura, coordinada por Jos\u00e9 P\u00e9rez Dorta, informa a los viticultores del municipio que deber\u00e1n presentar, ante el Consejo Regulador de Denominaci\u00f3n de Origen de Lanzarote, la declaraci\u00f3n de cosecha, indispensable para el cobro de la subvenci\u00f3n.<\/p>\n<p>&nbsp;<\/p>\n<p>Los viticultores del municipio de Har\u00eda cuya letra del primer apellido est\u00e9 comprendida entre la A y la M deber\u00e1n acudir el viernes, 4 de noviembre, mientras que aquellos con letras entre la N y la Z deber\u00e1n hacerlo el lunes, 7 de noviembre.<\/p>\n<p>&nbsp;<\/p>\n<p>Los viticultores <!--more--><\/p>\n<p>deber\u00e1n presentar el carnet de viticultor 2015\/2016, los vales de los kilos de uva vendidos a su nombre en las distintas bodegas inscritas en el Consejo Regulador, el n\u00famero de kilos que ha dejado para consumo propio, as\u00ed como la cantidad de uva vendida a los comercios y particulares.<\/p>\n<p>&nbsp;<\/p>\n<p>Las oficinas del Consejo Regulador de Denominaci\u00f3n de Origen se encuentran en la calle Arrecife 9, de San Bartolom\u00e9, y el horario de atenci\u00f3n al p\u00fablico es de 09:00 a 15:00 horas.<\/p>\n","protected":false},"excerpt":{"rendered":"<p>La Concejal\u00eda de Agricultura, coordinada por Jos\u00e9 P\u00e9rez Dorta, informa a los viticultores del municipio que deber\u00e1n presentar, ante el Consejo Regulador de Denominaci\u00f3n de Origen de Lanzarote, la declaraci\u00f3n de cosecha, indispensable para el cobro de la subvenci\u00f3n. &nbsp; Los viticultores del municipio de Har\u00eda cuya letra del primer apellido est\u00e9 comprendida entre la [&hellip;]<\/p>\n","protected":false},"author":2,"featured_media":0,"comment_status":"closed","ping_status":"closed","sticky":false,"template":"","format":"standard","meta":{"footnotes":""},"categories":[20,32,11],"tags":[],"class_list":["post-6974","post","type-post","status-publish","format-standard","hentry","category-agricultura","category-anuncios","category-hoja-de-haria"],"_links":{"self":[{"href":"https:\/\/www.ayuntamientodeharia.com\/haria\/wp-json\/wp\/v2\/posts\/6974","targetHints":{"allow":["GET"]}}],"collection":[{"href":"https:\/\/www.ayuntamientodeharia.com\/haria\/wp-json\/wp\/v2\/posts"}],"about":[{"href":"https:\/\/www.ayuntamientodeharia.com\/haria\/wp-json\/wp\/v2\/types\/post"}],"author":[{"embeddable":true,"href":"https:\/\/www.ayuntamientodeharia.com\/haria\/wp-json\/wp\/v2\/users\/2"}],"replies":[{"embeddable":true,"href":"https:\/\/www.ayuntamientodeharia.com\/haria\/wp-json\/wp\/v2\/comments?post=6974"}],"version-history":[{"count":0,"href":"https:\/\/www.ayuntamientodeharia.com\/haria\/wp-json\/wp\/v2\/posts\/6974\/revisions"}],"wp:attachment":[{"href":"https:\/\/www.ayuntamientodeharia.com\/haria\/wp-json\/wp\/v2\/media?parent=6974"}],"wp:term":[{"taxonomy":"category","embeddable":true,"href":"https:\/\/www.ayuntamientodeharia.com\/haria\/wp-json\/wp\/v2\/categories?post=6974"},{"taxonomy":"post_tag","embeddable":true,"href":"https:\/\/www.ayuntamientodeharia.com\/haria\/wp-json\/wp\/v2\/tags?post=6974"}],"curies":[{"name":"wp","href":"https:\/\/api.w.org\/{rel}","templated":true}]}}