{"id":6972,"date":"2016-10-21T13:46:56","date_gmt":"2016-10-21T13:46:56","guid":{"rendered":"http:\/\/www.ayuntamientodeharia.com\/haria\/?p=6972"},"modified":"2016-10-21T13:46:56","modified_gmt":"2016-10-21T13:46:56","slug":"la-asociacion-milana-felicita-a-los-galardonados-con-el-premio-referente-de-la-biosfera","status":"publish","type":"post","link":"https:\/\/www.ayuntamientodeharia.com\/haria\/la-asociacion-milana-felicita-a-los-galardonados-con-el-premio-referente-de-la-biosfera\/","title":{"rendered":"La Asociaci\u00f3n Milana felicita a los galardonados con el \u2018Premio Referente de la Biosfera\u2019"},"content":{"rendered":"<p>La Asociaci\u00f3n Milana tiene el placer de informarles que D. Alejandro Perdomo Placeres ha resultado galardonado con el \u2018Premio Referente de la Biosfera\u2019, a propuesta de la Asociaci\u00f3n Milana.<\/p>\n<p>&nbsp;<\/p>\n<p>Este reconocimiento ha sido otorgado adem\u00e1s a D. Wolfredo Wildpret de la Torre, profesor em\u00e9rito de la Universidad de la Laguna, y al Centro Especial de Empleo Grevislan (filial de la Asociaci\u00f3n de Discapacitados de Lanzarote, Adislan).<\/p>\n<p>&nbsp;<\/p>\n<p>El acto de entrega de los galardones tendr\u00e1 lugar el 21 de octubre, a las 19:30 horas, en el MIAC-Castillo de San Jos\u00e9 y coincidir\u00e1 con los actos programados por el XXIII aniversario de la concesi\u00f3n del reconocimiento de Lanzarote como Reserva de la Biosfera por parte de la UNESCO. Desde la Asociaci\u00f3n Milana queremos felicitar p\u00fablicamente a los galardonados.<\/p>\n","protected":false},"excerpt":{"rendered":"<p>La Asociaci\u00f3n Milana tiene el placer de informarles que D. Alejandro Perdomo Placeres ha resultado galardonado con el \u2018Premio Referente de la Biosfera\u2019, a propuesta de la Asociaci\u00f3n Milana. &nbsp; Este reconocimiento ha sido otorgado adem\u00e1s a D. Wolfredo Wildpret de la Torre, profesor em\u00e9rito de la Universidad de la Laguna, y al Centro Especial [&hellip;]<\/p>\n","protected":false},"author":2,"featured_media":0,"comment_status":"closed","ping_status":"closed","sticky":false,"template":"","format":"standard","meta":{"footnotes":""},"categories":[11,81],"tags":[],"class_list":["post-6972","post","type-post","status-publish","format-standard","hentry","category-hoja-de-haria","category-municipio"],"_links":{"self":[{"href":"https:\/\/www.ayuntamientodeharia.com\/haria\/wp-json\/wp\/v2\/posts\/6972","targetHints":{"allow":["GET"]}}],"collection":[{"href":"https:\/\/www.ayuntamientodeharia.com\/haria\/wp-json\/wp\/v2\/posts"}],"about":[{"href":"https:\/\/www.ayuntamientodeharia.com\/haria\/wp-json\/wp\/v2\/types\/post"}],"author":[{"embeddable":true,"href":"https:\/\/www.ayuntamientodeharia.com\/haria\/wp-json\/wp\/v2\/users\/2"}],"replies":[{"embeddable":true,"href":"https:\/\/www.ayuntamientodeharia.com\/haria\/wp-json\/wp\/v2\/comments?post=6972"}],"version-history":[{"count":0,"href":"https:\/\/www.ayuntamientodeharia.com\/haria\/wp-json\/wp\/v2\/posts\/6972\/revisions"}],"wp:attachment":[{"href":"https:\/\/www.ayuntamientodeharia.com\/haria\/wp-json\/wp\/v2\/media?parent=6972"}],"wp:term":[{"taxonomy":"category","embeddable":true,"href":"https:\/\/www.ayuntamientodeharia.com\/haria\/wp-json\/wp\/v2\/categories?post=6972"},{"taxonomy":"post_tag","embeddable":true,"href":"https:\/\/www.ayuntamientodeharia.com\/haria\/wp-json\/wp\/v2\/tags?post=6972"}],"curies":[{"name":"wp","href":"https:\/\/api.w.org\/{rel}","templated":true}]}}