{"id":6968,"date":"2016-10-21T13:44:45","date_gmt":"2016-10-21T13:44:45","guid":{"rendered":"http:\/\/www.ayuntamientodeharia.com\/haria\/?p=6968"},"modified":"2016-10-21T13:44:45","modified_gmt":"2016-10-21T13:44:45","slug":"abiertas-las-inscripciones-para-la-kids-extreme-2016","status":"publish","type":"post","link":"https:\/\/www.ayuntamientodeharia.com\/haria\/abiertas-las-inscripciones-para-la-kids-extreme-2016\/","title":{"rendered":"Abiertas las inscripciones para la \u2018Kid\u2019s Extreme 2016\u2019"},"content":{"rendered":"<p>Los ni\u00f1os que quieran participar en la \u2018Har\u00eda Extreme Lanzarote\u2019 en esta edici\u00f3n del 2016 ya pueden inscribirse en la web www.hariaextreme.com.<\/p>\n<p>&nbsp;<\/p>\n<p>El viernes, 18 de noviembre, ser\u00e1 el d\u00eda en que los ni\u00f1os asumir\u00e1n todo el protagonismo en estas carreras de car\u00e1cter no competitivo. Podr\u00e1n participar los ni\u00f1os con edades comprendidas entre los 3 y 14 a\u00f1os, cubriendo diferentes distancias en un circuito urbano acorde con la edad.<\/p>\n","protected":false},"excerpt":{"rendered":"<p>Los ni\u00f1os que quieran participar en la \u2018Har\u00eda Extreme Lanzarote\u2019 en esta edici\u00f3n del 2016 ya pueden inscribirse en la web www.hariaextreme.com. &nbsp; El viernes, 18 de noviembre, ser\u00e1 el d\u00eda en que los ni\u00f1os asumir\u00e1n todo el protagonismo en estas carreras de car\u00e1cter no competitivo. Podr\u00e1n participar los ni\u00f1os con edades comprendidas entre los [&hellip;]<\/p>\n","protected":false},"author":2,"featured_media":0,"comment_status":"closed","ping_status":"closed","sticky":false,"template":"","format":"standard","meta":{"footnotes":""},"categories":[17,11],"tags":[],"class_list":["post-6968","post","type-post","status-publish","format-standard","hentry","category-deportes","category-hoja-de-haria"],"_links":{"self":[{"href":"https:\/\/www.ayuntamientodeharia.com\/haria\/wp-json\/wp\/v2\/posts\/6968","targetHints":{"allow":["GET"]}}],"collection":[{"href":"https:\/\/www.ayuntamientodeharia.com\/haria\/wp-json\/wp\/v2\/posts"}],"about":[{"href":"https:\/\/www.ayuntamientodeharia.com\/haria\/wp-json\/wp\/v2\/types\/post"}],"author":[{"embeddable":true,"href":"https:\/\/www.ayuntamientodeharia.com\/haria\/wp-json\/wp\/v2\/users\/2"}],"replies":[{"embeddable":true,"href":"https:\/\/www.ayuntamientodeharia.com\/haria\/wp-json\/wp\/v2\/comments?post=6968"}],"version-history":[{"count":0,"href":"https:\/\/www.ayuntamientodeharia.com\/haria\/wp-json\/wp\/v2\/posts\/6968\/revisions"}],"wp:attachment":[{"href":"https:\/\/www.ayuntamientodeharia.com\/haria\/wp-json\/wp\/v2\/media?parent=6968"}],"wp:term":[{"taxonomy":"category","embeddable":true,"href":"https:\/\/www.ayuntamientodeharia.com\/haria\/wp-json\/wp\/v2\/categories?post=6968"},{"taxonomy":"post_tag","embeddable":true,"href":"https:\/\/www.ayuntamientodeharia.com\/haria\/wp-json\/wp\/v2\/tags?post=6968"}],"curies":[{"name":"wp","href":"https:\/\/api.w.org\/{rel}","templated":true}]}}