{"id":6955,"date":"2016-10-21T13:39:24","date_gmt":"2016-10-21T13:39:24","guid":{"rendered":"http:\/\/www.ayuntamientodeharia.com\/haria\/?p=6955"},"modified":"2016-10-21T13:40:09","modified_gmt":"2016-10-21T13:40:09","slug":"los-escolares-oliver-miguez-maximiliano-valero-y-terxe-toledo-ganadores-del-concurso-de-pintura","status":"publish","type":"post","link":"https:\/\/www.ayuntamientodeharia.com\/haria\/los-escolares-oliver-miguez-maximiliano-valero-y-terxe-toledo-ganadores-del-concurso-de-pintura\/","title":{"rendered":"Los escolares Oliver M\u00edguez, Maximiliano Valero y Terxe Toledo, ganadores del concurso de pintura"},"content":{"rendered":"<p><a href=\"http:\/\/www.ayuntamientodeharia.com\/haria\/wp-content\/uploads\/2016\/10\/Oliver-Miguez.jpg\"><img decoding=\"async\" class=\"alignleft wp-image-6961\" src=\"http:\/\/www.ayuntamientodeharia.com\/haria\/wp-content\/uploads\/2016\/10\/Oliver-Miguez-204x300.jpg\" alt=\"oliver-miguez\" width=\"161\" height=\"233\" \/><\/a>La semana pasada, el jurado del concurso de pintura de la \u2018VIII Semana Cultural de Har\u00eda\u2019, organizada por el Consistorio norte\u00f1o, la Asociaci\u00f3n de Amigos del Vino y el Queso de Lanzarote y la Fundaci\u00f3n Jos\u00e9 Clavijo y Fajardo eleg\u00eda los mejores dibujados realizados por los centros de ense\u00f1anza de Infantil y Primaria del municipio.<\/p>\n<p>&nbsp;<\/p>\n<p>En esta edici\u00f3n, los ganadores han sido Oliver M\u00edguez, de quinto de Primaria del CEIP Las Mercedes de Mala; Maximiliano Valero, de quinto curso del CEIP San Juan de Har\u00eda; y Terxe Toledo, de quinto de Primaria del CEIP La Garita de Arrieta.<\/p>\n<p><!--more--><\/p>\n<p>&nbsp;<\/p>\n<p>Todos los trabajos presentados al concurso formar\u00e1n parte de la exposici\u00f3n que se podr\u00e1 visitar del 24 al 29 de octubre, en el Centro Sociocultural La Tegala de Har\u00eda. Desde el Ayuntamiento de Har\u00eda se quiere felicitar p\u00fablicamente a los escolares que han sido premiados, as\u00ed como al resto de participantes y al jurado que, de forma desinteresada, ha colaborado para que esta iniciativa pudiese desarrollarse.<\/p>\n<p>&nbsp;<\/p>\n<p><a href=\"http:\/\/www.ayuntamientodeharia.com\/haria\/wp-content\/uploads\/2016\/10\/Maximiliano-Valero.jpg\"><img fetchpriority=\"high\" decoding=\"async\" class=\"alignleft size-medium wp-image-6960\" src=\"http:\/\/www.ayuntamientodeharia.com\/haria\/wp-content\/uploads\/2016\/10\/Maximiliano-Valero-300x249.jpg\" alt=\"maximiliano-valero\" width=\"300\" height=\"249\" srcset=\"https:\/\/www.ayuntamientodeharia.com\/haria\/wp-content\/uploads\/2016\/10\/Maximiliano-Valero-300x249.jpg 300w, https:\/\/www.ayuntamientodeharia.com\/haria\/wp-content\/uploads\/2016\/10\/Maximiliano-Valero.jpg 344w\" sizes=\"(max-width: 300px) 100vw, 300px\" \/><\/a> <a href=\"http:\/\/www.ayuntamientodeharia.com\/haria\/wp-content\/uploads\/2016\/10\/Terxe-Toledo.jpg\"><img decoding=\"async\" class=\"alignleft size-medium wp-image-6952\" src=\"http:\/\/www.ayuntamientodeharia.com\/haria\/wp-content\/uploads\/2016\/10\/Terxe-Toledo-252x300.jpg\" alt=\"terxe-toledo\" width=\"252\" height=\"300\" srcset=\"https:\/\/www.ayuntamientodeharia.com\/haria\/wp-content\/uploads\/2016\/10\/Terxe-Toledo-252x300.jpg 252w, https:\/\/www.ayuntamientodeharia.com\/haria\/wp-content\/uploads\/2016\/10\/Terxe-Toledo.jpg 263w\" sizes=\"(max-width: 252px) 100vw, 252px\" \/><\/a><\/p>\n","protected":false},"excerpt":{"rendered":"<p>La semana pasada, el jurado del concurso de pintura de la \u2018VIII Semana Cultural de Har\u00eda\u2019, organizada por el Consistorio norte\u00f1o, la Asociaci\u00f3n de Amigos del Vino y el Queso de Lanzarote y la Fundaci\u00f3n Jos\u00e9 Clavijo y Fajardo eleg\u00eda los mejores dibujados realizados por los centros de ense\u00f1anza de Infantil y Primaria del municipio. [&hellip;]<\/p>\n","protected":false},"author":2,"featured_media":0,"comment_status":"closed","ping_status":"closed","sticky":false,"template":"","format":"standard","meta":{"footnotes":""},"categories":[16,11],"tags":[],"class_list":["post-6955","post","type-post","status-publish","format-standard","hentry","category-cultura","category-hoja-de-haria"],"_links":{"self":[{"href":"https:\/\/www.ayuntamientodeharia.com\/haria\/wp-json\/wp\/v2\/posts\/6955","targetHints":{"allow":["GET"]}}],"collection":[{"href":"https:\/\/www.ayuntamientodeharia.com\/haria\/wp-json\/wp\/v2\/posts"}],"about":[{"href":"https:\/\/www.ayuntamientodeharia.com\/haria\/wp-json\/wp\/v2\/types\/post"}],"author":[{"embeddable":true,"href":"https:\/\/www.ayuntamientodeharia.com\/haria\/wp-json\/wp\/v2\/users\/2"}],"replies":[{"embeddable":true,"href":"https:\/\/www.ayuntamientodeharia.com\/haria\/wp-json\/wp\/v2\/comments?post=6955"}],"version-history":[{"count":0,"href":"https:\/\/www.ayuntamientodeharia.com\/haria\/wp-json\/wp\/v2\/posts\/6955\/revisions"}],"wp:attachment":[{"href":"https:\/\/www.ayuntamientodeharia.com\/haria\/wp-json\/wp\/v2\/media?parent=6955"}],"wp:term":[{"taxonomy":"category","embeddable":true,"href":"https:\/\/www.ayuntamientodeharia.com\/haria\/wp-json\/wp\/v2\/categories?post=6955"},{"taxonomy":"post_tag","embeddable":true,"href":"https:\/\/www.ayuntamientodeharia.com\/haria\/wp-json\/wp\/v2\/tags?post=6955"}],"curies":[{"name":"wp","href":"https:\/\/api.w.org\/{rel}","templated":true}]}}