{"id":6897,"date":"2016-10-14T11:35:55","date_gmt":"2016-10-14T11:35:55","guid":{"rendered":"http:\/\/www.ayuntamientodeharia.com\/haria\/?p=6897"},"modified":"2016-10-14T11:38:35","modified_gmt":"2016-10-14T11:38:35","slug":"arranca-en-haria-el-iv-foro-de-agroecologia-y-biodiversidad-de-canarias","status":"publish","type":"post","link":"https:\/\/www.ayuntamientodeharia.com\/haria\/arranca-en-haria-el-iv-foro-de-agroecologia-y-biodiversidad-de-canarias\/","title":{"rendered":"Arranca en Har\u00eda el IV Foro de Agroecolog\u00eda y Biodiversidad de Canarias"},"content":{"rendered":"<p>Este jueves, 13 de octubre, arrancaba en el municipio de Har\u00eda el IV Foro de Agroecolog\u00eda y Biodiversidad en Canarias, que se celebra cada dos a\u00f1os en el Archipi\u00e9lago, con el objetivo de promover la producci\u00f3n ecol\u00f3gica de las islas y potenciar su consumo.<\/p>\n<p>&nbsp;<\/p>\n<p>A trav\u00e9s de ello se busca un espacio de encuentro entre los distintos colectivos y personas interesadas en promover un desarrollo local ecol\u00f3gico en Canarias, con el fin de facilitar contactos, compartir experiencias, dar a conocer productos, proyectos y nuevas propuestas en este \u00e1mbito.<\/p>\n<p><!--more--><\/p>\n<p>&nbsp;<\/p>\n<p>El Foro comprende distintos eventos, entre los que se encuentran la IV Feria de Agroecolog\u00eda, la IV Feria de Biodiversidad Agr\u00edcola de Canarias, el II Encuentro de Ecocomedores de Canarias y el IV Encuentro de Operadores Ecol\u00f3gicos. Cabe destacar, para el p\u00fablico en general, la celebraci\u00f3n de diferentes talleres durante el s\u00e1bado y el domingo. La asistencia a los diferentes actos organizados es libre y gratuita, salvo aquellos destinados espec\u00edficamente a profesionales.<\/p>\n<p>&nbsp;<\/p>\n<p>La inscripci\u00f3n puede llevarse a cabo en la <a href=\"http:\/\/www.gobcan.es\/agricultura\/icca\/promocion\/Cursos_Jornadas\/Jornada31.html\" target=\"_blank\">web del ICCA<\/a><\/p>\n<p>&nbsp;<\/p>\n<p>Para ver el programa completo haz <a href=\"http:\/\/www.ayuntamientodeharia.com\/haria\/?p=6787\">clic aqu\u00ed<\/a><\/p>\n","protected":false},"excerpt":{"rendered":"<p>Este jueves, 13 de octubre, arrancaba en el municipio de Har\u00eda el IV Foro de Agroecolog\u00eda y Biodiversidad en Canarias, que se celebra cada dos a\u00f1os en el Archipi\u00e9lago, con el objetivo de promover la producci\u00f3n ecol\u00f3gica de las islas y potenciar su consumo. &nbsp; A trav\u00e9s de ello se busca un espacio de encuentro [&hellip;]<\/p>\n","protected":false},"author":2,"featured_media":6785,"comment_status":"closed","ping_status":"closed","sticky":false,"template":"","format":"standard","meta":{"footnotes":""},"categories":[20,11],"tags":[],"class_list":["post-6897","post","type-post","status-publish","format-standard","has-post-thumbnail","hentry","category-agricultura","category-hoja-de-haria"],"_links":{"self":[{"href":"https:\/\/www.ayuntamientodeharia.com\/haria\/wp-json\/wp\/v2\/posts\/6897","targetHints":{"allow":["GET"]}}],"collection":[{"href":"https:\/\/www.ayuntamientodeharia.com\/haria\/wp-json\/wp\/v2\/posts"}],"about":[{"href":"https:\/\/www.ayuntamientodeharia.com\/haria\/wp-json\/wp\/v2\/types\/post"}],"author":[{"embeddable":true,"href":"https:\/\/www.ayuntamientodeharia.com\/haria\/wp-json\/wp\/v2\/users\/2"}],"replies":[{"embeddable":true,"href":"https:\/\/www.ayuntamientodeharia.com\/haria\/wp-json\/wp\/v2\/comments?post=6897"}],"version-history":[{"count":0,"href":"https:\/\/www.ayuntamientodeharia.com\/haria\/wp-json\/wp\/v2\/posts\/6897\/revisions"}],"wp:featuredmedia":[{"embeddable":true,"href":"https:\/\/www.ayuntamientodeharia.com\/haria\/wp-json\/wp\/v2\/media\/6785"}],"wp:attachment":[{"href":"https:\/\/www.ayuntamientodeharia.com\/haria\/wp-json\/wp\/v2\/media?parent=6897"}],"wp:term":[{"taxonomy":"category","embeddable":true,"href":"https:\/\/www.ayuntamientodeharia.com\/haria\/wp-json\/wp\/v2\/categories?post=6897"},{"taxonomy":"post_tag","embeddable":true,"href":"https:\/\/www.ayuntamientodeharia.com\/haria\/wp-json\/wp\/v2\/tags?post=6897"}],"curies":[{"name":"wp","href":"https:\/\/api.w.org\/{rel}","templated":true}]}}