{"id":6849,"date":"2016-10-07T13:37:44","date_gmt":"2016-10-07T13:37:44","guid":{"rendered":"http:\/\/www.ayuntamientodeharia.com\/haria\/?p=6849"},"modified":"2016-10-07T13:37:44","modified_gmt":"2016-10-07T13:37:44","slug":"finaliza-la-primera-fase-del-taller-de-talla-en-madera","status":"publish","type":"post","link":"https:\/\/www.ayuntamientodeharia.com\/haria\/finaliza-la-primera-fase-del-taller-de-talla-en-madera\/","title":{"rendered":"Finaliza la primera fase del taller de talla en madera"},"content":{"rendered":"<p>El taller de talla en madera, organizado por la Concejal\u00eda de Educaci\u00f3n, Cultura y Patrimonio, que dirige Jos\u00e9 P\u00e9rez Dorta, y que est\u00e1 siendo impartido por el maestro artesano Ram\u00f3n Alfonso, culmin\u00f3 el pasado viernes la primera fase formaci\u00f3n con un total de doce alumnos. A lo largo de esto meses los alumnos asistentes al taller han podido aprender los conceptos b\u00e1sicos de la talla, como as\u00ed lo demuestran los trabajos realizados.<\/p>\n<p>&nbsp;<\/p>\n<p>A partir del 10 de noviembre y hasta el mes de mayo se impartir\u00e1 la segunda fase del taller que culminar\u00e1 con una exposici\u00f3n de los trabajos realizados. Para el concejal responsable, Jos\u00e9 P\u00e9rez Dorta, \u201cha sido un acierto recuperar esta propuesta formativa que llevaba m\u00e1s de una d\u00e9cada sin llevarse a cabo; una iniciativa destinada a la preparaci\u00f3n de profesionales capaces de trasladar a la madera en bajo, medio o alto relieve las formas m\u00e1s variadas\u201d.<\/p>\n","protected":false},"excerpt":{"rendered":"<p>El taller de talla en madera, organizado por la Concejal\u00eda de Educaci\u00f3n, Cultura y Patrimonio, que dirige Jos\u00e9 P\u00e9rez Dorta, y que est\u00e1 siendo impartido por el maestro artesano Ram\u00f3n Alfonso, culmin\u00f3 el pasado viernes la primera fase formaci\u00f3n con un total de doce alumnos. A lo largo de esto meses los alumnos asistentes al [&hellip;]<\/p>\n","protected":false},"author":2,"featured_media":6836,"comment_status":"closed","ping_status":"closed","sticky":false,"template":"","format":"standard","meta":{"footnotes":""},"categories":[16,19,11],"tags":[],"class_list":["post-6849","post","type-post","status-publish","format-standard","has-post-thumbnail","hentry","category-cultura","category-formacion","category-hoja-de-haria"],"_links":{"self":[{"href":"https:\/\/www.ayuntamientodeharia.com\/haria\/wp-json\/wp\/v2\/posts\/6849","targetHints":{"allow":["GET"]}}],"collection":[{"href":"https:\/\/www.ayuntamientodeharia.com\/haria\/wp-json\/wp\/v2\/posts"}],"about":[{"href":"https:\/\/www.ayuntamientodeharia.com\/haria\/wp-json\/wp\/v2\/types\/post"}],"author":[{"embeddable":true,"href":"https:\/\/www.ayuntamientodeharia.com\/haria\/wp-json\/wp\/v2\/users\/2"}],"replies":[{"embeddable":true,"href":"https:\/\/www.ayuntamientodeharia.com\/haria\/wp-json\/wp\/v2\/comments?post=6849"}],"version-history":[{"count":0,"href":"https:\/\/www.ayuntamientodeharia.com\/haria\/wp-json\/wp\/v2\/posts\/6849\/revisions"}],"wp:featuredmedia":[{"embeddable":true,"href":"https:\/\/www.ayuntamientodeharia.com\/haria\/wp-json\/wp\/v2\/media\/6836"}],"wp:attachment":[{"href":"https:\/\/www.ayuntamientodeharia.com\/haria\/wp-json\/wp\/v2\/media?parent=6849"}],"wp:term":[{"taxonomy":"category","embeddable":true,"href":"https:\/\/www.ayuntamientodeharia.com\/haria\/wp-json\/wp\/v2\/categories?post=6849"},{"taxonomy":"post_tag","embeddable":true,"href":"https:\/\/www.ayuntamientodeharia.com\/haria\/wp-json\/wp\/v2\/tags?post=6849"}],"curies":[{"name":"wp","href":"https:\/\/api.w.org\/{rel}","templated":true}]}}