{"id":6651,"date":"2016-09-09T12:12:42","date_gmt":"2016-09-09T12:12:42","guid":{"rendered":"http:\/\/www.ayuntamientodeharia.com\/haria\/?p=6651"},"modified":"2016-09-09T12:13:08","modified_gmt":"2016-09-09T12:13:08","slug":"excursion-de-la-tercera-edad-para-visitar-la-feria-de-mancha-blanca-2","status":"publish","type":"post","link":"https:\/\/www.ayuntamientodeharia.com\/haria\/excursion-de-la-tercera-edad-para-visitar-la-feria-de-mancha-blanca-2\/","title":{"rendered":"Excursi\u00f3n de la tercera edad para visitar la Feria de Mancha Blanca"},"content":{"rendered":"<p><a href=\"http:\/\/www.ayuntamientodeharia.com\/haria\/wp-content\/uploads\/2016\/09\/Auxiliadora.jpg\"><img decoding=\"async\" class=\"alignleft wp-image-6636\" src=\"http:\/\/www.ayuntamientodeharia.com\/haria\/wp-content\/uploads\/2016\/09\/Auxiliadora-276x300.jpg\" alt=\"auxiliadora\" width=\"196\" height=\"212\" srcset=\"https:\/\/www.ayuntamientodeharia.com\/haria\/wp-content\/uploads\/2016\/09\/Auxiliadora-276x300.jpg 276w, https:\/\/www.ayuntamientodeharia.com\/haria\/wp-content\/uploads\/2016\/09\/Auxiliadora.jpg 521w\" sizes=\"(max-width: 196px) 100vw, 196px\" \/><\/a>El \u00e1rea de la Tercerea Edad, que coordina Mar\u00eda Auxiliadora Fern\u00e1ndez, organiza la tradicional excursi\u00f3n para visitar la Feria de Artesan\u00eda de Mancha Blanca y a la Virgen de Los Dolores el d\u00eda 15 de septiembre.<\/p>\n<p>&nbsp;<\/p>\n<p>La salida desde las distintas paradas del municipio tendr\u00e1 lugar a las 10:00 horas con destino a Mancha Blanca, donde se visitar\u00e1 la tradicional Feria de Artesan\u00eda y quien lo desee podr\u00e1 asistir a la misa de la celebraci\u00f3n de la eucarist\u00eda, a las 12:00 horas, con el rezo del \u00c1ngelus.<\/p>\n<p><!--more--><\/p>\n<p>&nbsp;<\/p>\n<p>A las 13:45 horas se realizar\u00e1 la recogida de las guaguas en los lugares indicados para acudir a almorzar al Restaurante Los Remedios, en Yaiza, con servicio de buffet. Ya a las 16:00 horas se saldr\u00e1 hacia Playa Blanca para pasear por el puerto y regresar a las 18:00 horas.<\/p>\n<p>&nbsp;<\/p>\n<p>Todo aquel que tenga intenci\u00f3n de apuntarse en la excursi\u00f3n puede hacerlo hasta el d\u00eda 14 de septiembre, en horario de 9:00 a 14:00 horas, en el Centro de la Tercera Edad, o llamando al tel\u00e9fono 928 835 633.<\/p>\n","protected":false},"excerpt":{"rendered":"<p>El \u00e1rea de la Tercerea Edad, que coordina Mar\u00eda Auxiliadora Fern\u00e1ndez, organiza la tradicional excursi\u00f3n para visitar la Feria de Artesan\u00eda de Mancha Blanca y a la Virgen de Los Dolores el d\u00eda 15 de septiembre. &nbsp; La salida desde las distintas paradas del municipio tendr\u00e1 lugar a las 10:00 horas con destino a Mancha [&hellip;]<\/p>\n","protected":false},"author":2,"featured_media":0,"comment_status":"closed","ping_status":"closed","sticky":false,"template":"","format":"standard","meta":{"footnotes":""},"categories":[11,61],"tags":[],"class_list":["post-6651","post","type-post","status-publish","format-standard","hentry","category-hoja-de-haria","category-tercera-edad"],"_links":{"self":[{"href":"https:\/\/www.ayuntamientodeharia.com\/haria\/wp-json\/wp\/v2\/posts\/6651","targetHints":{"allow":["GET"]}}],"collection":[{"href":"https:\/\/www.ayuntamientodeharia.com\/haria\/wp-json\/wp\/v2\/posts"}],"about":[{"href":"https:\/\/www.ayuntamientodeharia.com\/haria\/wp-json\/wp\/v2\/types\/post"}],"author":[{"embeddable":true,"href":"https:\/\/www.ayuntamientodeharia.com\/haria\/wp-json\/wp\/v2\/users\/2"}],"replies":[{"embeddable":true,"href":"https:\/\/www.ayuntamientodeharia.com\/haria\/wp-json\/wp\/v2\/comments?post=6651"}],"version-history":[{"count":0,"href":"https:\/\/www.ayuntamientodeharia.com\/haria\/wp-json\/wp\/v2\/posts\/6651\/revisions"}],"wp:attachment":[{"href":"https:\/\/www.ayuntamientodeharia.com\/haria\/wp-json\/wp\/v2\/media?parent=6651"}],"wp:term":[{"taxonomy":"category","embeddable":true,"href":"https:\/\/www.ayuntamientodeharia.com\/haria\/wp-json\/wp\/v2\/categories?post=6651"},{"taxonomy":"post_tag","embeddable":true,"href":"https:\/\/www.ayuntamientodeharia.com\/haria\/wp-json\/wp\/v2\/tags?post=6651"}],"curies":[{"name":"wp","href":"https:\/\/api.w.org\/{rel}","templated":true}]}}