{"id":6641,"date":"2016-09-09T12:03:53","date_gmt":"2016-09-09T12:03:53","guid":{"rendered":"http:\/\/www.ayuntamientodeharia.com\/haria\/?p=6641"},"modified":"2016-09-09T12:04:26","modified_gmt":"2016-09-09T12:04:26","slug":"la-biblioteca-municipal-recibe-los-libros-donados-por-oscar-bergasa-perdomo","status":"publish","type":"post","link":"https:\/\/www.ayuntamientodeharia.com\/haria\/la-biblioteca-municipal-recibe-los-libros-donados-por-oscar-bergasa-perdomo\/","title":{"rendered":"La Biblioteca Municipal recibe los libros donados por \u00d3scar Bergasa Perdomo"},"content":{"rendered":"<p>El Ayuntamiento, a trav\u00e9s de la Concejal\u00eda de Cultura, que coordina Jos\u00e9 P\u00e9rez Dorta, quiere agradecer p\u00fablicamente la donaci\u00f3n de libros de lectura realizada por Don \u00d3scar Bergasa Perdomo a la Biblioteca Municipal de Har\u00eda.<\/p>\n","protected":false},"excerpt":{"rendered":"<p>El Ayuntamiento, a trav\u00e9s de la Concejal\u00eda de Cultura, que coordina Jos\u00e9 P\u00e9rez Dorta, quiere agradecer p\u00fablicamente la donaci\u00f3n de libros de lectura realizada por Don \u00d3scar Bergasa Perdomo a la Biblioteca Municipal de Har\u00eda.<\/p>\n","protected":false},"author":2,"featured_media":0,"comment_status":"closed","ping_status":"closed","sticky":false,"template":"","format":"standard","meta":{"footnotes":""},"categories":[16,11],"tags":[],"class_list":["post-6641","post","type-post","status-publish","format-standard","hentry","category-cultura","category-hoja-de-haria"],"_links":{"self":[{"href":"https:\/\/www.ayuntamientodeharia.com\/haria\/wp-json\/wp\/v2\/posts\/6641","targetHints":{"allow":["GET"]}}],"collection":[{"href":"https:\/\/www.ayuntamientodeharia.com\/haria\/wp-json\/wp\/v2\/posts"}],"about":[{"href":"https:\/\/www.ayuntamientodeharia.com\/haria\/wp-json\/wp\/v2\/types\/post"}],"author":[{"embeddable":true,"href":"https:\/\/www.ayuntamientodeharia.com\/haria\/wp-json\/wp\/v2\/users\/2"}],"replies":[{"embeddable":true,"href":"https:\/\/www.ayuntamientodeharia.com\/haria\/wp-json\/wp\/v2\/comments?post=6641"}],"version-history":[{"count":0,"href":"https:\/\/www.ayuntamientodeharia.com\/haria\/wp-json\/wp\/v2\/posts\/6641\/revisions"}],"wp:attachment":[{"href":"https:\/\/www.ayuntamientodeharia.com\/haria\/wp-json\/wp\/v2\/media?parent=6641"}],"wp:term":[{"taxonomy":"category","embeddable":true,"href":"https:\/\/www.ayuntamientodeharia.com\/haria\/wp-json\/wp\/v2\/categories?post=6641"},{"taxonomy":"post_tag","embeddable":true,"href":"https:\/\/www.ayuntamientodeharia.com\/haria\/wp-json\/wp\/v2\/tags?post=6641"}],"curies":[{"name":"wp","href":"https:\/\/api.w.org\/{rel}","templated":true}]}}