{"id":6639,"date":"2016-09-09T12:02:51","date_gmt":"2016-09-09T12:02:51","guid":{"rendered":"http:\/\/www.ayuntamientodeharia.com\/haria\/?p=6639"},"modified":"2016-09-09T12:02:51","modified_gmt":"2016-09-09T12:02:51","slug":"fiestas-de-nuestra-senora-del-pino-punta-mujeres-2016-3","status":"publish","type":"post","link":"https:\/\/www.ayuntamientodeharia.com\/haria\/fiestas-de-nuestra-senora-del-pino-punta-mujeres-2016-3\/","title":{"rendered":"Fiestas de Nuestra Se\u00f1ora del Pino \u2013 Punta Mujeres 2016"},"content":{"rendered":"<p><span style=\"text-decoration: underline;\"><strong>Viernes, 9 de septiembre: <\/strong><\/span><\/p>\n<p>16:30h.- Voley playa.<\/p>\n<p>18:30h.- Maridaje de vino y queso.<\/p>\n<p>21:00h.- Noche de Humor Ben\u00e9fica \u2018Todos con Eidher\u2019, con la participaci\u00f3n del humorista Juanka, de en Clave de Ja y de la Compa\u00f1\u00eda Desvariando con la obra \u2018Chinegua Busca Surco\u2019.<\/p>\n<p>23:00h.- Verbena popular amenizada por los grupos Naiyimbe y Los Conejeros.<\/p>\n<p>&nbsp;<\/p>\n<p><span style=\"text-decoration: underline;\"><strong>S\u00e1bado, 10 de septiembre: <\/strong><\/span><\/p>\n<p>11:30h.- Campeonato mixto del Quemado por equipos de 6 componentes.<\/p>\n<p>12:30h.- Regata de Jolateros.<\/p>\n<p>18:00h.- \u00a1Qu\u00e9 el buen gusto reine en tu vida! Concurso de canap\u00e9s y postres.<\/p>\n<p>19:30h.- Continuaci\u00f3n del Campeonato de Truco.<\/p>\n<p>21:00h.- Concierto de Daniel Mois\u00e9s.<\/p>\n<p>23:00h.- Verbena popular amenizada por los grupos Naiyimbe y Los Conejeros.<\/p>\n<p><!--more--><\/p>\n<p>&nbsp;<\/p>\n<p><span style=\"text-decoration: underline;\"><strong>Domingo, 11 de septiembre: <\/strong><\/span><\/p>\n<p>12:30h.- Party PM y Fiesta de la Colchoneta Gigante. Verbena del agua amenizada por los Conejeros y los Dj\u00b4s Furre y Villa Pipol.<\/p>\n<p>13:00h.- Fiesta de la Tapa organizada por los ventorrilleros.<\/p>\n<p>18:00h.- Zumba.<\/p>\n<p>21:00h.- \u2018Gala Fin de Fiestas\u2019 con bailes latinos El Norte y el \u2018Sorteazo\u2019: TV, viajes, secadora, c\u00e1mara Go Pro, tablet, microondas, etc<\/p>\n","protected":false},"excerpt":{"rendered":"<p>Viernes, 9 de septiembre: 16:30h.- Voley playa. 18:30h.- Maridaje de vino y queso. 21:00h.- Noche de Humor Ben\u00e9fica \u2018Todos con Eidher\u2019, con la participaci\u00f3n del humorista Juanka, de en Clave de Ja y de la Compa\u00f1\u00eda Desvariando con la obra \u2018Chinegua Busca Surco\u2019. 23:00h.- Verbena popular amenizada por los grupos Naiyimbe y Los Conejeros. &nbsp; [&hellip;]<\/p>\n","protected":false},"author":2,"featured_media":0,"comment_status":"closed","ping_status":"closed","sticky":false,"template":"","format":"standard","meta":{"footnotes":""},"categories":[15,11],"tags":[],"class_list":["post-6639","post","type-post","status-publish","format-standard","hentry","category-festejos","category-hoja-de-haria"],"_links":{"self":[{"href":"https:\/\/www.ayuntamientodeharia.com\/haria\/wp-json\/wp\/v2\/posts\/6639","targetHints":{"allow":["GET"]}}],"collection":[{"href":"https:\/\/www.ayuntamientodeharia.com\/haria\/wp-json\/wp\/v2\/posts"}],"about":[{"href":"https:\/\/www.ayuntamientodeharia.com\/haria\/wp-json\/wp\/v2\/types\/post"}],"author":[{"embeddable":true,"href":"https:\/\/www.ayuntamientodeharia.com\/haria\/wp-json\/wp\/v2\/users\/2"}],"replies":[{"embeddable":true,"href":"https:\/\/www.ayuntamientodeharia.com\/haria\/wp-json\/wp\/v2\/comments?post=6639"}],"version-history":[{"count":0,"href":"https:\/\/www.ayuntamientodeharia.com\/haria\/wp-json\/wp\/v2\/posts\/6639\/revisions"}],"wp:attachment":[{"href":"https:\/\/www.ayuntamientodeharia.com\/haria\/wp-json\/wp\/v2\/media?parent=6639"}],"wp:term":[{"taxonomy":"category","embeddable":true,"href":"https:\/\/www.ayuntamientodeharia.com\/haria\/wp-json\/wp\/v2\/categories?post=6639"},{"taxonomy":"post_tag","embeddable":true,"href":"https:\/\/www.ayuntamientodeharia.com\/haria\/wp-json\/wp\/v2\/tags?post=6639"}],"curies":[{"name":"wp","href":"https:\/\/api.w.org\/{rel}","templated":true}]}}