{"id":6615,"date":"2016-09-09T12:08:40","date_gmt":"2016-09-09T12:08:40","guid":{"rendered":"http:\/\/www.ayuntamientodeharia.com\/haria\/?p=6615"},"modified":"2016-09-09T12:10:01","modified_gmt":"2016-09-09T12:10:01","slug":"alumnos-en-practicas-colaboraran-en-el-servicio-de-ayuda-a-domicilio-que-presta-el-ayuntamiento-de-haria","status":"publish","type":"post","link":"https:\/\/www.ayuntamientodeharia.com\/haria\/alumnos-en-practicas-colaboraran-en-el-servicio-de-ayuda-a-domicilio-que-presta-el-ayuntamiento-de-haria\/","title":{"rendered":"Alumnos en pr\u00e1cticas colaborar\u00e1n en el servicio de ayuda a domicilio que presta el Ayuntamiento de Har\u00eda"},"content":{"rendered":"<h6><strong><em>Tres estudiantes desempe\u00f1ar\u00e1n esta labor del 6 al 30 de septiembre, merced al convenio de colaboraci\u00f3n entre el Consistorio norte\u00f1o y la Fundaci\u00f3n Canaria ICSE<\/em><\/strong><\/h6>\n<p>&nbsp;<\/p>\n<p><a href=\"http:\/\/www.ayuntamientodeharia.com\/haria\/wp-content\/uploads\/2016\/09\/Firma-del-convenio-entre-el-Ayuntamiento-e-ICSE.jpg\"><img decoding=\"async\" class=\"alignleft wp-image-6614\" src=\"http:\/\/www.ayuntamientodeharia.com\/haria\/wp-content\/uploads\/2016\/09\/Firma-del-convenio-entre-el-Ayuntamiento-e-ICSE-300x225.jpg\" alt=\"Firma del convenio entre el Ayuntamiento e ICSE\" width=\"199\" height=\"151\" \/><\/a>El Ayuntamiento de Har\u00eda ha firmado un convenio especifico de colaboraci\u00f3n con el centro de formaci\u00f3n Fundaci\u00f3n Canaria ICSE para la realizaci\u00f3n de pr\u00e1cticas profesionales no laborales de los alumnos participantes en la obtenci\u00f3n de la certificaci\u00f3n de profesionalidad.<\/p>\n<p>&nbsp;<\/p>\n<p>De esta manera, ser\u00e1n tres los estudiantes que realizar\u00e1n las pr\u00e1cticas en el \u00c1rea de Bienestar Social del Consistorio norte\u00f1o, concretamente en el servicio de ayuda a domicilio, del 6 al 30 de septiembre.<\/p>\n<p><!--more--><\/p>\n<p>&nbsp;<\/p>\n<p>Al terminar el curso, los alumnos obtendr\u00e1n un certificado de profesionalidad de nivel 2 de atenci\u00f3n sociosanitaria en domicilios. Este curso, dirigido a desempleados, es gratuito, est\u00e1 subvencionado por el Servicio Canario de Empleo del Gobierno de Canarias y est\u00e1 siendo impartido por la Fundaci\u00f3n Canaria ICSE, centro colaborador del Servicio Canario de Empleo, en Lanzarote.<\/p>\n","protected":false},"excerpt":{"rendered":"<p>Tres estudiantes desempe\u00f1ar\u00e1n esta labor del 6 al 30 de septiembre, merced al convenio de colaboraci\u00f3n entre el Consistorio norte\u00f1o y la Fundaci\u00f3n Canaria ICSE &nbsp; El Ayuntamiento de Har\u00eda ha firmado un convenio especifico de colaboraci\u00f3n con el centro de formaci\u00f3n Fundaci\u00f3n Canaria ICSE para la realizaci\u00f3n de pr\u00e1cticas profesionales no laborales de los [&hellip;]<\/p>\n","protected":false},"author":2,"featured_media":0,"comment_status":"closed","ping_status":"closed","sticky":false,"template":"","format":"standard","meta":{"footnotes":""},"categories":[73],"tags":[],"class_list":["post-6615","post","type-post","status-publish","format-standard","hentry","category-alcaldia"],"_links":{"self":[{"href":"https:\/\/www.ayuntamientodeharia.com\/haria\/wp-json\/wp\/v2\/posts\/6615","targetHints":{"allow":["GET"]}}],"collection":[{"href":"https:\/\/www.ayuntamientodeharia.com\/haria\/wp-json\/wp\/v2\/posts"}],"about":[{"href":"https:\/\/www.ayuntamientodeharia.com\/haria\/wp-json\/wp\/v2\/types\/post"}],"author":[{"embeddable":true,"href":"https:\/\/www.ayuntamientodeharia.com\/haria\/wp-json\/wp\/v2\/users\/2"}],"replies":[{"embeddable":true,"href":"https:\/\/www.ayuntamientodeharia.com\/haria\/wp-json\/wp\/v2\/comments?post=6615"}],"version-history":[{"count":0,"href":"https:\/\/www.ayuntamientodeharia.com\/haria\/wp-json\/wp\/v2\/posts\/6615\/revisions"}],"wp:attachment":[{"href":"https:\/\/www.ayuntamientodeharia.com\/haria\/wp-json\/wp\/v2\/media?parent=6615"}],"wp:term":[{"taxonomy":"category","embeddable":true,"href":"https:\/\/www.ayuntamientodeharia.com\/haria\/wp-json\/wp\/v2\/categories?post=6615"},{"taxonomy":"post_tag","embeddable":true,"href":"https:\/\/www.ayuntamientodeharia.com\/haria\/wp-json\/wp\/v2\/tags?post=6615"}],"curies":[{"name":"wp","href":"https:\/\/api.w.org\/{rel}","templated":true}]}}