{"id":5805,"date":"2016-05-27T11:40:33","date_gmt":"2016-05-27T11:40:33","guid":{"rendered":"http:\/\/www.ayuntamientodeharia.com\/haria\/?p=5805"},"modified":"2016-05-27T11:41:03","modified_gmt":"2016-05-27T11:41:03","slug":"convenio-para-la-realizacion-de-actividades-de-formacion-en-insercion-laboral","status":"publish","type":"post","link":"https:\/\/www.ayuntamientodeharia.com\/haria\/convenio-para-la-realizacion-de-actividades-de-formacion-en-insercion-laboral\/","title":{"rendered":"Convenio para la realizaci\u00f3n de actividades de formaci\u00f3n en inserci\u00f3n laboral"},"content":{"rendered":"<p><a href=\"http:\/\/www.ayuntamientodeharia.com\/haria\/wp-content\/uploads\/2016\/05\/insercion-laboral-1.jpg\"><img decoding=\"async\" class=\"alignleft wp-image-5779\" src=\"http:\/\/www.ayuntamientodeharia.com\/haria\/wp-content\/uploads\/2016\/05\/insercion-laboral-1-300x169.jpg\" alt=\"insercion laboral 1\" width=\"276\" height=\"160\" \/><\/a>El alcalde de Har\u00eda, Marci Acu\u00f1a, firm\u00f3 la pasada semana un convenio de colaboraci\u00f3n con la empresa Trampol\u00edn Solidario para la realizaci\u00f3n de actividades de formaci\u00f3n e inserci\u00f3n laboral de personas en exclusi\u00f3n social en el municipio norte\u00f1o, con las que se potencia la posibilidad del autoempleo.<\/p>\n<p>&nbsp;<\/p>\n<p>Con este objetivo, los trabajadores seleccionados se har\u00e1n cargo de la gesti\u00f3n de carritos expendedores\u00a0de helados que ser\u00e1n gestionados responsablemente por la empresa de inserci\u00f3n.<\/p>\n<p><!--more--><\/p>\n<p>&nbsp;<\/p>\n<p><a href=\"http:\/\/www.ayuntamientodeharia.com\/haria\/wp-content\/uploads\/2016\/05\/insercion-laboral-2.jpg\"><img decoding=\"async\" class=\"alignleft wp-image-5780\" src=\"http:\/\/www.ayuntamientodeharia.com\/haria\/wp-content\/uploads\/2016\/05\/insercion-laboral-2-300x169.jpg\" alt=\"insercion laboral 2\" width=\"253\" height=\"147\" \/><\/a>La selecci\u00f3n de las personas beneficiarias de este proyecto de formaci\u00f3n e inserci\u00f3n laboral se realizar\u00e1 a trav\u00e9s de los servicios sociales municipales, siendo luego la empresa Trampol\u00edn Solidario la encargada de su contrataci\u00f3n por un periodo variable, en funci\u00f3n de los requerimientos de su propio proceso de inserci\u00f3n<\/p>\n","protected":false},"excerpt":{"rendered":"<p>El alcalde de Har\u00eda, Marci Acu\u00f1a, firm\u00f3 la pasada semana un convenio de colaboraci\u00f3n con la empresa Trampol\u00edn Solidario para la realizaci\u00f3n de actividades de formaci\u00f3n e inserci\u00f3n laboral de personas en exclusi\u00f3n social en el municipio norte\u00f1o, con las que se potencia la posibilidad del autoempleo. &nbsp; Con este objetivo, los trabajadores seleccionados se [&hellip;]<\/p>\n","protected":false},"author":2,"featured_media":0,"comment_status":"closed","ping_status":"closed","sticky":false,"template":"","format":"standard","meta":{"footnotes":""},"categories":[73,11],"tags":[],"class_list":["post-5805","post","type-post","status-publish","format-standard","hentry","category-alcaldia","category-hoja-de-haria"],"_links":{"self":[{"href":"https:\/\/www.ayuntamientodeharia.com\/haria\/wp-json\/wp\/v2\/posts\/5805","targetHints":{"allow":["GET"]}}],"collection":[{"href":"https:\/\/www.ayuntamientodeharia.com\/haria\/wp-json\/wp\/v2\/posts"}],"about":[{"href":"https:\/\/www.ayuntamientodeharia.com\/haria\/wp-json\/wp\/v2\/types\/post"}],"author":[{"embeddable":true,"href":"https:\/\/www.ayuntamientodeharia.com\/haria\/wp-json\/wp\/v2\/users\/2"}],"replies":[{"embeddable":true,"href":"https:\/\/www.ayuntamientodeharia.com\/haria\/wp-json\/wp\/v2\/comments?post=5805"}],"version-history":[{"count":0,"href":"https:\/\/www.ayuntamientodeharia.com\/haria\/wp-json\/wp\/v2\/posts\/5805\/revisions"}],"wp:attachment":[{"href":"https:\/\/www.ayuntamientodeharia.com\/haria\/wp-json\/wp\/v2\/media?parent=5805"}],"wp:term":[{"taxonomy":"category","embeddable":true,"href":"https:\/\/www.ayuntamientodeharia.com\/haria\/wp-json\/wp\/v2\/categories?post=5805"},{"taxonomy":"post_tag","embeddable":true,"href":"https:\/\/www.ayuntamientodeharia.com\/haria\/wp-json\/wp\/v2\/tags?post=5805"}],"curies":[{"name":"wp","href":"https:\/\/api.w.org\/{rel}","templated":true}]}}