{"id":5803,"date":"2016-05-27T11:36:05","date_gmt":"2016-05-27T11:36:05","guid":{"rendered":"http:\/\/www.ayuntamientodeharia.com\/haria\/?p=5803"},"modified":"2016-05-27T11:36:05","modified_gmt":"2016-05-27T11:36:05","slug":"haria-a-la-vanguardia-en-la-defensa-de-los-animales","status":"publish","type":"post","link":"https:\/\/www.ayuntamientodeharia.com\/haria\/haria-a-la-vanguardia-en-la-defensa-de-los-animales\/","title":{"rendered":"Har\u00eda, a la vanguardia en la defensa de los animales"},"content":{"rendered":"<p><a href=\"http:\/\/www.ayuntamientodeharia.com\/haria\/wp-content\/uploads\/2016\/05\/perrera.jpg\"><img decoding=\"async\" class=\"alignleft  wp-image-5775\" src=\"http:\/\/www.ayuntamientodeharia.com\/haria\/wp-content\/uploads\/2016\/05\/perrera-300x84.jpg\" alt=\"perrera\" width=\"244\" height=\"75\" \/><\/a>El municipio de Har\u00eda se pone a la vanguardia en la defensa de los animales tras la entrada en vigor, el jueves, 26 de mayo, de la nueva ordenanza municipal sobre la protecci\u00f3n, tenencia responsable y venta de animales, que fue aprobada por la Corporaci\u00f3n en el Pleno Ordinario celebrado el 7 de mayo.<\/p>\n<p>&nbsp;<\/p>\n<p>La nueva ordenanza supone un avance considerable en pro de la defensa de los animales, al adaptarse a los nuevos principios de respeto, defensa y protecci\u00f3n de los mismos, as\u00ed como a los nuevos planteamientos sobre la actual forma de convivir, tanto a nivel individual como en colectividad, con los animales de compa\u00f1\u00eda. La elaboraci\u00f3n de la nueva ordenanza se ha llevado a cabo en coordinaci\u00f3n con los distintos responsables municipales de la Isla, con el objetivo de unificar los criterios de actuaci\u00f3n que garanticen la dignidad del animal.<\/p>\n<p><!--more--><\/p>\n<p>&nbsp;<\/p>\n<p>Otra de las medidas que se van a llevar a cabo desde la Concejal\u00eda de Sanidad es la creaci\u00f3n y puesta en funcionamiento de una perrera municipal, ha matizado la responsable del \u00e1rea, Yessica Mesa, pues es necesario que los animales que han sido abandonados por sus due\u00f1os y se encuentren desprotegidos tengan un lugar digno donde vivir hasta que puedan ser adoptados. Para favorecer la adopci\u00f3n de los perros que se encuentran en las dependencias municipales o colaborar en su bienestar se ha creado una p\u00e1gina de Facebook https:\/\/m.facebook.com\/perreradehar\u00eda.<\/p>\n","protected":false},"excerpt":{"rendered":"<p>El municipio de Har\u00eda se pone a la vanguardia en la defensa de los animales tras la entrada en vigor, el jueves, 26 de mayo, de la nueva ordenanza municipal sobre la protecci\u00f3n, tenencia responsable y venta de animales, que fue aprobada por la Corporaci\u00f3n en el Pleno Ordinario celebrado el 7 de mayo. &nbsp; [&hellip;]<\/p>\n","protected":false},"author":2,"featured_media":0,"comment_status":"closed","ping_status":"closed","sticky":false,"template":"","format":"standard","meta":{"footnotes":""},"categories":[11,99],"tags":[],"class_list":["post-5803","post","type-post","status-publish","format-standard","hentry","category-hoja-de-haria","category-tenencia-de-animales"],"_links":{"self":[{"href":"https:\/\/www.ayuntamientodeharia.com\/haria\/wp-json\/wp\/v2\/posts\/5803","targetHints":{"allow":["GET"]}}],"collection":[{"href":"https:\/\/www.ayuntamientodeharia.com\/haria\/wp-json\/wp\/v2\/posts"}],"about":[{"href":"https:\/\/www.ayuntamientodeharia.com\/haria\/wp-json\/wp\/v2\/types\/post"}],"author":[{"embeddable":true,"href":"https:\/\/www.ayuntamientodeharia.com\/haria\/wp-json\/wp\/v2\/users\/2"}],"replies":[{"embeddable":true,"href":"https:\/\/www.ayuntamientodeharia.com\/haria\/wp-json\/wp\/v2\/comments?post=5803"}],"version-history":[{"count":0,"href":"https:\/\/www.ayuntamientodeharia.com\/haria\/wp-json\/wp\/v2\/posts\/5803\/revisions"}],"wp:attachment":[{"href":"https:\/\/www.ayuntamientodeharia.com\/haria\/wp-json\/wp\/v2\/media?parent=5803"}],"wp:term":[{"taxonomy":"category","embeddable":true,"href":"https:\/\/www.ayuntamientodeharia.com\/haria\/wp-json\/wp\/v2\/categories?post=5803"},{"taxonomy":"post_tag","embeddable":true,"href":"https:\/\/www.ayuntamientodeharia.com\/haria\/wp-json\/wp\/v2\/tags?post=5803"}],"curies":[{"name":"wp","href":"https:\/\/api.w.org\/{rel}","templated":true}]}}