{"id":5800,"date":"2016-05-27T11:34:13","date_gmt":"2016-05-27T11:34:13","guid":{"rendered":"http:\/\/www.ayuntamientodeharia.com\/haria\/?p=5800"},"modified":"2016-05-27T11:34:46","modified_gmt":"2016-05-27T11:34:46","slug":"nueva-plantacion-de-palmeras-en-haria","status":"publish","type":"post","link":"https:\/\/www.ayuntamientodeharia.com\/haria\/nueva-plantacion-de-palmeras-en-haria\/","title":{"rendered":"Nueva plantaci\u00f3n de palmeras en Har\u00eda"},"content":{"rendered":"<p><a href=\"http:\/\/www.ayuntamientodeharia.com\/haria\/wp-content\/uploads\/2016\/05\/plantacion-palmeras.jpg\"><img decoding=\"async\" class=\"alignleft wp-image-5776\" src=\"http:\/\/www.ayuntamientodeharia.com\/haria\/wp-content\/uploads\/2016\/05\/plantacion-palmeras-300x228.jpg\" alt=\"plantacion palmeras\" width=\"229\" height=\"176\" \/><\/a>La Concejal\u00eda de Medio Ambiente, coordinada por Jos\u00e9 P\u00e9rez Dorta, en colaboraci\u00f3n con la Oficina de la Reserva de La Biosfera de Lanzarote y la Fundaci\u00f3n Altadis, celebr\u00f3 el pasado viernes, 13 de mayo, el Mes del Voluntariado mediante la plantaci\u00f3n y apadrinamiento de varios ejemplares de palmeras en las fincas de Don Francisco P\u00e9rez, en Har\u00eda.<\/p>\n<p><!--more--><\/p>\n<p>&nbsp;<\/p>\n<p>La plantaci\u00f3n de las palmeras se realiz\u00f3 siguiendo criterios de imitaci\u00f3n de la naturaleza, creando as\u00ed peque\u00f1os oasis distantes unos de otros. P\u00e9rez Dorta ha querido destacar y agradecer \u201cla extraordinaria labor que viene desarrollando Don Francisco P\u00e9rez en defensa del palmeral de Har\u00eda, no solo al ceder altruistamente los terrenos para que se pudiera llevar a cabo esta actividad, sino tambi\u00e9n al favorecer la reproducci\u00f3n natural de las palmeras en sus fincas, situadas dentro del valle de Har\u00eda, que cuenta en la actualidad con cerca de una centenar de ejemplares\u201d.<\/p>\n","protected":false},"excerpt":{"rendered":"<p>La Concejal\u00eda de Medio Ambiente, coordinada por Jos\u00e9 P\u00e9rez Dorta, en colaboraci\u00f3n con la Oficina de la Reserva de La Biosfera de Lanzarote y la Fundaci\u00f3n Altadis, celebr\u00f3 el pasado viernes, 13 de mayo, el Mes del Voluntariado mediante la plantaci\u00f3n y apadrinamiento de varios ejemplares de palmeras en las fincas de Don Francisco P\u00e9rez, [&hellip;]<\/p>\n","protected":false},"author":2,"featured_media":0,"comment_status":"closed","ping_status":"closed","sticky":false,"template":"","format":"standard","meta":{"footnotes":""},"categories":[11,51],"tags":[],"class_list":["post-5800","post","type-post","status-publish","format-standard","hentry","category-hoja-de-haria","category-medioambiente"],"_links":{"self":[{"href":"https:\/\/www.ayuntamientodeharia.com\/haria\/wp-json\/wp\/v2\/posts\/5800","targetHints":{"allow":["GET"]}}],"collection":[{"href":"https:\/\/www.ayuntamientodeharia.com\/haria\/wp-json\/wp\/v2\/posts"}],"about":[{"href":"https:\/\/www.ayuntamientodeharia.com\/haria\/wp-json\/wp\/v2\/types\/post"}],"author":[{"embeddable":true,"href":"https:\/\/www.ayuntamientodeharia.com\/haria\/wp-json\/wp\/v2\/users\/2"}],"replies":[{"embeddable":true,"href":"https:\/\/www.ayuntamientodeharia.com\/haria\/wp-json\/wp\/v2\/comments?post=5800"}],"version-history":[{"count":0,"href":"https:\/\/www.ayuntamientodeharia.com\/haria\/wp-json\/wp\/v2\/posts\/5800\/revisions"}],"wp:attachment":[{"href":"https:\/\/www.ayuntamientodeharia.com\/haria\/wp-json\/wp\/v2\/media?parent=5800"}],"wp:term":[{"taxonomy":"category","embeddable":true,"href":"https:\/\/www.ayuntamientodeharia.com\/haria\/wp-json\/wp\/v2\/categories?post=5800"},{"taxonomy":"post_tag","embeddable":true,"href":"https:\/\/www.ayuntamientodeharia.com\/haria\/wp-json\/wp\/v2\/tags?post=5800"}],"curies":[{"name":"wp","href":"https:\/\/api.w.org\/{rel}","templated":true}]}}