{"id":5798,"date":"2016-05-27T11:31:51","date_gmt":"2016-05-27T11:31:51","guid":{"rendered":"http:\/\/www.ayuntamientodeharia.com\/haria\/?p=5798"},"modified":"2016-05-27T11:31:51","modified_gmt":"2016-05-27T11:31:51","slug":"exposicion-publica-del-listado-de-solicitudes-para-una-subvencion-por-estudios-fuera-de-la-isla-en-el-curso-escolar-2014-2015","status":"publish","type":"post","link":"https:\/\/www.ayuntamientodeharia.com\/haria\/exposicion-publica-del-listado-de-solicitudes-para-una-subvencion-por-estudios-fuera-de-la-isla-en-el-curso-escolar-2014-2015\/","title":{"rendered":"Exposici\u00f3n p\u00fablica del listado de solicitudes para una subvenci\u00f3n por estudios fuera de la Isla en el curso escolar 2014-2015"},"content":{"rendered":"<p>La Concejal\u00eda de Educaci\u00f3n, coordinada por Jos\u00e9 P\u00e9rez Dorta, ha hecho p\u00fablico el listado definitivo de los estudiantes que han solicitado la subvenci\u00f3n al transporte por estudios fuera de la Isla en el curso acad\u00e9mico 2014-2015.<\/p>\n<p>&nbsp;<\/p>\n<p>Los estudiantes pueden consultar si han sido admitidos en el Tabl\u00f3n de Anuncios del Consistorio o en la web municipal <span style=\"text-decoration: underline;\">www.ayuntamientodeharia.com<\/span>. Aquellos que hayan sido incluidos deber\u00e1n justificar que han cursados los estudiosas para los cuales han solicitado la subvenci\u00f3n, presentando la documentaci\u00f3n estipuladas en las Bases antes del martes, 16 de agosto, en el Registro General del Ayuntamiento de Har\u00eda.<\/p>\n","protected":false},"excerpt":{"rendered":"<p>La Concejal\u00eda de Educaci\u00f3n, coordinada por Jos\u00e9 P\u00e9rez Dorta, ha hecho p\u00fablico el listado definitivo de los estudiantes que han solicitado la subvenci\u00f3n al transporte por estudios fuera de la Isla en el curso acad\u00e9mico 2014-2015. &nbsp; Los estudiantes pueden consultar si han sido admitidos en el Tabl\u00f3n de Anuncios del Consistorio o en la [&hellip;]<\/p>\n","protected":false},"author":2,"featured_media":0,"comment_status":"closed","ping_status":"closed","sticky":false,"template":"","format":"standard","meta":{"footnotes":""},"categories":[19,11],"tags":[],"class_list":["post-5798","post","type-post","status-publish","format-standard","hentry","category-formacion","category-hoja-de-haria"],"_links":{"self":[{"href":"https:\/\/www.ayuntamientodeharia.com\/haria\/wp-json\/wp\/v2\/posts\/5798","targetHints":{"allow":["GET"]}}],"collection":[{"href":"https:\/\/www.ayuntamientodeharia.com\/haria\/wp-json\/wp\/v2\/posts"}],"about":[{"href":"https:\/\/www.ayuntamientodeharia.com\/haria\/wp-json\/wp\/v2\/types\/post"}],"author":[{"embeddable":true,"href":"https:\/\/www.ayuntamientodeharia.com\/haria\/wp-json\/wp\/v2\/users\/2"}],"replies":[{"embeddable":true,"href":"https:\/\/www.ayuntamientodeharia.com\/haria\/wp-json\/wp\/v2\/comments?post=5798"}],"version-history":[{"count":0,"href":"https:\/\/www.ayuntamientodeharia.com\/haria\/wp-json\/wp\/v2\/posts\/5798\/revisions"}],"wp:attachment":[{"href":"https:\/\/www.ayuntamientodeharia.com\/haria\/wp-json\/wp\/v2\/media?parent=5798"}],"wp:term":[{"taxonomy":"category","embeddable":true,"href":"https:\/\/www.ayuntamientodeharia.com\/haria\/wp-json\/wp\/v2\/categories?post=5798"},{"taxonomy":"post_tag","embeddable":true,"href":"https:\/\/www.ayuntamientodeharia.com\/haria\/wp-json\/wp\/v2\/tags?post=5798"}],"curies":[{"name":"wp","href":"https:\/\/api.w.org\/{rel}","templated":true}]}}