{"id":5796,"date":"2016-05-27T11:29:29","date_gmt":"2016-05-27T11:29:29","guid":{"rendered":"http:\/\/www.ayuntamientodeharia.com\/haria\/?p=5796"},"modified":"2016-05-27T11:29:29","modified_gmt":"2016-05-27T11:29:29","slug":"reunion-con-los-vecinos-de-arrieta-3","status":"publish","type":"post","link":"https:\/\/www.ayuntamientodeharia.com\/haria\/reunion-con-los-vecinos-de-arrieta-3\/","title":{"rendered":"Reuni\u00f3n con los vecinos de Arrieta"},"content":{"rendered":"<p>La concejala de Festejos, Soraya Brito, convoca a los vecinos del pueblo de Arrieta a una reuni\u00f3n de trabajo para organizar y planificar las Fiestas de Nuestra Se\u00f1ora del Carmen. El encuentro tendr\u00e1 lugar el mi\u00e9rcoles, 1 de junio, a las 20:00 horas, en los salones del Centro Sociocultural La Garita.<\/p>\n","protected":false},"excerpt":{"rendered":"<p>La concejala de Festejos, Soraya Brito, convoca a los vecinos del pueblo de Arrieta a una reuni\u00f3n de trabajo para organizar y planificar las Fiestas de Nuestra Se\u00f1ora del Carmen. El encuentro tendr\u00e1 lugar el mi\u00e9rcoles, 1 de junio, a las 20:00 horas, en los salones del Centro Sociocultural La Garita.<\/p>\n","protected":false},"author":2,"featured_media":0,"comment_status":"closed","ping_status":"closed","sticky":false,"template":"","format":"standard","meta":{"footnotes":""},"categories":[15,11],"tags":[],"class_list":["post-5796","post","type-post","status-publish","format-standard","hentry","category-festejos","category-hoja-de-haria"],"_links":{"self":[{"href":"https:\/\/www.ayuntamientodeharia.com\/haria\/wp-json\/wp\/v2\/posts\/5796","targetHints":{"allow":["GET"]}}],"collection":[{"href":"https:\/\/www.ayuntamientodeharia.com\/haria\/wp-json\/wp\/v2\/posts"}],"about":[{"href":"https:\/\/www.ayuntamientodeharia.com\/haria\/wp-json\/wp\/v2\/types\/post"}],"author":[{"embeddable":true,"href":"https:\/\/www.ayuntamientodeharia.com\/haria\/wp-json\/wp\/v2\/users\/2"}],"replies":[{"embeddable":true,"href":"https:\/\/www.ayuntamientodeharia.com\/haria\/wp-json\/wp\/v2\/comments?post=5796"}],"version-history":[{"count":0,"href":"https:\/\/www.ayuntamientodeharia.com\/haria\/wp-json\/wp\/v2\/posts\/5796\/revisions"}],"wp:attachment":[{"href":"https:\/\/www.ayuntamientodeharia.com\/haria\/wp-json\/wp\/v2\/media?parent=5796"}],"wp:term":[{"taxonomy":"category","embeddable":true,"href":"https:\/\/www.ayuntamientodeharia.com\/haria\/wp-json\/wp\/v2\/categories?post=5796"},{"taxonomy":"post_tag","embeddable":true,"href":"https:\/\/www.ayuntamientodeharia.com\/haria\/wp-json\/wp\/v2\/tags?post=5796"}],"curies":[{"name":"wp","href":"https:\/\/api.w.org\/{rel}","templated":true}]}}