{"id":5794,"date":"2016-05-27T11:28:05","date_gmt":"2016-05-27T11:28:05","guid":{"rendered":"http:\/\/www.ayuntamientodeharia.com\/haria\/?p=5794"},"modified":"2016-05-27T11:28:42","modified_gmt":"2016-05-27T11:28:42","slug":"la-escuela-municipal-de-folclore-participa-en-un-intercambio-cultural-en-la-isla-de-la-gomera","status":"publish","type":"post","link":"https:\/\/www.ayuntamientodeharia.com\/haria\/la-escuela-municipal-de-folclore-participa-en-un-intercambio-cultural-en-la-isla-de-la-gomera\/","title":{"rendered":"La Escuela Municipal de Folclore participa en un intercambio cultural en la isla de La Gomera"},"content":{"rendered":"<p><a href=\"http:\/\/www.ayuntamientodeharia.com\/haria\/wp-content\/uploads\/2016\/05\/escuela-municipal-de-folclore.jpg\"><img decoding=\"async\" class=\"alignleft wp-image-5778\" src=\"http:\/\/www.ayuntamientodeharia.com\/haria\/wp-content\/uploads\/2016\/05\/escuela-municipal-de-folclore-300x122.jpg\" alt=\"escuela municipal de folclore\" width=\"268\" height=\"115\" \/><\/a>La Escuela Municipal de Folclore, dirigida por Antonio Mar\u00eda Perdomo, se traslad\u00f3 el pasado fin de semana a la isla de La Gomera para participar en un encuentro con otras entidades de Canarias, donde tambi\u00e9n estuvieron presentes escuelas de las islas de La Palma, Tenerife y La propia Gomera. Esta interesante y enriquecedora iniciativa parte de la invitaci\u00f3n realizada por la Agrupaci\u00f3n Folcl\u00f3rica Ch\u00e1caras y Tambores, de la isla colombina.<\/p>\n<p>&nbsp;<\/p>\n<p>Los alumnos de la Escuela Municipal de Folclore disfrutaron no solo de la riqueza del patrimonio musical de las Islas, sino tambi\u00e9n de sus tradiciones y costumbres al participar en la Primera Romer\u00eda de San Isidro Labrador de la localidad de La Palmita, donde pudieron palpar el cari\u00f1oso recibimiento y agradecimiento mostrado por los vecinos del lugar.<\/p>\n<p><!--more--><\/p>\n<p>&nbsp;<\/p>\n<p>El concejal de Cultura y miembro tambi\u00e9n de la Escuela, Jos\u00e9 P\u00e9rez Dorta, hizo entrega a los anfitriones, en nombre del municipio, de los libros \u2018Arquitectura Tradicional de Canarias\u2019, de Santiago Alem\u00e1n y \u2018La isla sumergida\u2019, dedicado a Javier Reyes, as\u00ed como del libro editado por el Ayuntamiento de Har\u00eda \u2018Dos fot\u00f3grafos y una vida: Javier Reyes Acu\u00f1a y Asterio Acu\u00f1a Brito\u2019. Para P\u00e9rez Dorta, \u201cestos intercambios, que deber\u00edan ser habituales entre otras disciplinas del patrimonio cultural y deportivo canario, sirven para abrir cauces de cooperaci\u00f3n y nos ayudan a conocer lo que se hace en otras islas en materia de cultura canaria para que el Archipi\u00e9lago en su conjunto siga trabajando por el mantenimiento de nuestra identidad\u201d.<\/p>\n","protected":false},"excerpt":{"rendered":"<p>La Escuela Municipal de Folclore, dirigida por Antonio Mar\u00eda Perdomo, se traslad\u00f3 el pasado fin de semana a la isla de La Gomera para participar en un encuentro con otras entidades de Canarias, donde tambi\u00e9n estuvieron presentes escuelas de las islas de La Palma, Tenerife y La propia Gomera. Esta interesante y enriquecedora iniciativa parte [&hellip;]<\/p>\n","protected":false},"author":2,"featured_media":0,"comment_status":"closed","ping_status":"closed","sticky":false,"template":"","format":"standard","meta":{"footnotes":""},"categories":[16,11],"tags":[],"class_list":["post-5794","post","type-post","status-publish","format-standard","hentry","category-cultura","category-hoja-de-haria"],"_links":{"self":[{"href":"https:\/\/www.ayuntamientodeharia.com\/haria\/wp-json\/wp\/v2\/posts\/5794","targetHints":{"allow":["GET"]}}],"collection":[{"href":"https:\/\/www.ayuntamientodeharia.com\/haria\/wp-json\/wp\/v2\/posts"}],"about":[{"href":"https:\/\/www.ayuntamientodeharia.com\/haria\/wp-json\/wp\/v2\/types\/post"}],"author":[{"embeddable":true,"href":"https:\/\/www.ayuntamientodeharia.com\/haria\/wp-json\/wp\/v2\/users\/2"}],"replies":[{"embeddable":true,"href":"https:\/\/www.ayuntamientodeharia.com\/haria\/wp-json\/wp\/v2\/comments?post=5794"}],"version-history":[{"count":0,"href":"https:\/\/www.ayuntamientodeharia.com\/haria\/wp-json\/wp\/v2\/posts\/5794\/revisions"}],"wp:attachment":[{"href":"https:\/\/www.ayuntamientodeharia.com\/haria\/wp-json\/wp\/v2\/media?parent=5794"}],"wp:term":[{"taxonomy":"category","embeddable":true,"href":"https:\/\/www.ayuntamientodeharia.com\/haria\/wp-json\/wp\/v2\/categories?post=5794"},{"taxonomy":"post_tag","embeddable":true,"href":"https:\/\/www.ayuntamientodeharia.com\/haria\/wp-json\/wp\/v2\/tags?post=5794"}],"curies":[{"name":"wp","href":"https:\/\/api.w.org\/{rel}","templated":true}]}}