{"id":5792,"date":"2016-05-27T11:26:28","date_gmt":"2016-05-27T11:26:28","guid":{"rendered":"http:\/\/www.ayuntamientodeharia.com\/haria\/?p=5792"},"modified":"2016-05-27T11:26:56","modified_gmt":"2016-05-27T11:26:56","slug":"visita-de-los-responsables-del-puerto-de-mariel-de-cuba-al-ayuntamiento","status":"publish","type":"post","link":"https:\/\/www.ayuntamientodeharia.com\/haria\/visita-de-los-responsables-del-puerto-de-mariel-de-cuba-al-ayuntamiento\/","title":{"rendered":"Visita de los responsables del Puerto de Mariel de Cuba al Ayuntamiento"},"content":{"rendered":"<p><a href=\"http:\/\/www.ayuntamientodeharia.com\/haria\/wp-content\/uploads\/2016\/05\/Puerto-Mariel.jpg\"><img decoding=\"async\" class=\"alignleft  wp-image-5777\" src=\"http:\/\/www.ayuntamientodeharia.com\/haria\/wp-content\/uploads\/2016\/05\/Puerto-Mariel-300x156.jpg\" alt=\"Puerto Mariel\" width=\"230\" height=\"124\" \/><\/a>El Alcalde de Har\u00eda, Marci Acu\u00f1a, recibi\u00f3 el viernes, 20 de mayo, la visita de los se\u00f1ores Rodr\u00edguez y Oramas, responsable de inversiones del Puerto de Mariel, provincia de Artemisa, Cuba. Esta visita protocolaria forma parte de los encuentros que est\u00e1n manteniendo con diferentes instituciones p\u00fablicas de varios pa\u00edses.<\/p>\n","protected":false},"excerpt":{"rendered":"<p>El Alcalde de Har\u00eda, Marci Acu\u00f1a, recibi\u00f3 el viernes, 20 de mayo, la visita de los se\u00f1ores Rodr\u00edguez y Oramas, responsable de inversiones del Puerto de Mariel, provincia de Artemisa, Cuba. Esta visita protocolaria forma parte de los encuentros que est\u00e1n manteniendo con diferentes instituciones p\u00fablicas de varios pa\u00edses.<\/p>\n","protected":false},"author":2,"featured_media":0,"comment_status":"closed","ping_status":"closed","sticky":false,"template":"","format":"standard","meta":{"footnotes":""},"categories":[73,11],"tags":[],"class_list":["post-5792","post","type-post","status-publish","format-standard","hentry","category-alcaldia","category-hoja-de-haria"],"_links":{"self":[{"href":"https:\/\/www.ayuntamientodeharia.com\/haria\/wp-json\/wp\/v2\/posts\/5792","targetHints":{"allow":["GET"]}}],"collection":[{"href":"https:\/\/www.ayuntamientodeharia.com\/haria\/wp-json\/wp\/v2\/posts"}],"about":[{"href":"https:\/\/www.ayuntamientodeharia.com\/haria\/wp-json\/wp\/v2\/types\/post"}],"author":[{"embeddable":true,"href":"https:\/\/www.ayuntamientodeharia.com\/haria\/wp-json\/wp\/v2\/users\/2"}],"replies":[{"embeddable":true,"href":"https:\/\/www.ayuntamientodeharia.com\/haria\/wp-json\/wp\/v2\/comments?post=5792"}],"version-history":[{"count":0,"href":"https:\/\/www.ayuntamientodeharia.com\/haria\/wp-json\/wp\/v2\/posts\/5792\/revisions"}],"wp:attachment":[{"href":"https:\/\/www.ayuntamientodeharia.com\/haria\/wp-json\/wp\/v2\/media?parent=5792"}],"wp:term":[{"taxonomy":"category","embeddable":true,"href":"https:\/\/www.ayuntamientodeharia.com\/haria\/wp-json\/wp\/v2\/categories?post=5792"},{"taxonomy":"post_tag","embeddable":true,"href":"https:\/\/www.ayuntamientodeharia.com\/haria\/wp-json\/wp\/v2\/tags?post=5792"}],"curies":[{"name":"wp","href":"https:\/\/api.w.org\/{rel}","templated":true}]}}