{"id":5790,"date":"2016-05-27T11:24:54","date_gmt":"2016-05-27T11:24:54","guid":{"rendered":"http:\/\/www.ayuntamientodeharia.com\/haria\/?p=5790"},"modified":"2016-05-27T11:24:54","modified_gmt":"2016-05-27T11:24:54","slug":"actos-del-dia-de-canarias-4","status":"publish","type":"post","link":"https:\/\/www.ayuntamientodeharia.com\/haria\/actos-del-dia-de-canarias-4\/","title":{"rendered":"Actos del D\u00eda de Canarias"},"content":{"rendered":"<p><span style=\"text-decoration: underline;\"><strong>Viernes, 27 de mayo: <\/strong><\/span><\/p>\n<p>10:00 h.- Romer\u00eda de los alumnos del CEIP San Juan, acompa\u00f1ados por un grupo musical, desde el centro Educativo hasta la plaza de Har\u00eda.<\/p>\n<p>16:30 h.- Campeonato Municipal de Bola de Mayores \u2018D\u00eda de Canarias\u2019 en el solar anexo a la Plaza de Har\u00eda.<\/p>\n<p>&nbsp;<\/p>\n<p><span style=\"text-decoration: underline;\"><strong>S\u00e1bado, 28 de mayo: <\/strong><\/span><\/p>\n<p>De 10:00 a 14:00 h.- Mercado Har\u00eda Artesanal.<\/p>\n<p>10:00 h.- Exposici\u00f3n de oficios artesanales en la Plaza de Har\u00eda.<\/p>\n<p>10:30 h.- Continuaci\u00f3n del Campeonato de Bola de Mayores \u2018D\u00eda de Canarias\u2019 en el solar anexo a la Plaza de Har\u00eda.<\/p>\n<p>11:00 h.- Degustaci\u00f3n de pe\u00f1as de gofio a cargo de Los del Gofio (hermanos Arr\u00e1ez) en la Plaza de Har\u00eda.<\/p>\n<p>12:00 h.- Actuaci\u00f3n de la Escuela Municipal de Folclore en la Plaza de Har\u00eda.<\/p>\n<p>17:00h.- Confecci\u00f3n de alfombras de sal a cargo de las asociaciones, clubes y vecinos del municipio con motivo del Corpus Christi. Paralelamente se realizar\u00e1 un taller de alfombras de sal para los m\u00e1s peque\u00f1os en el Parque Infantil de Har\u00eda.<\/p>\n<p>21:00h.- Enyesque amenizado por una parranda para los participantes en la confecci\u00f3n de las alfombras.<\/p>\n<p><!--more--><\/p>\n<p>&nbsp;<\/p>\n<p><span style=\"text-decoration: underline;\"><strong>Domingo, 29 de mayo: <\/strong><\/span><\/p>\n<p>12:30 h.- Misa y Procesi\u00f3n del Corpus Christi.<\/p>\n<p>21:00h.- Noche Canaria en la plaza de Har\u00eda. IV Edici\u00f3n \u2018Puesta de Mantel de Har\u00eda\u2019. Ponte la vestimenta canaria, reserva mesa, re\u00fane a tu gente, trae tu enyesque y ven a disfrutar de la tradicional puesta de mantel. Adem\u00e1s contaremos con un espectacular pique de parrandas Pa\u00b4l Porr\u00f3n, Los Gurfines son los del Puerto y Contraste y un gran baile.<\/p>\n<p>Para reservar mesa, dirigirse antes del jueves, 26 de mayo, al Departamento de Cultura.<\/p>\n<p>El Ayuntamiento de Har\u00eda premiar\u00e1 con 150 euros a la mesa m\u00e1s original que haya sido decorada con motivos canarios.<\/p>\n<p>&nbsp;<\/p>\n<p><span style=\"text-decoration: underline;\"><strong>Lunes, 30 de mayo:\u00a0D\u00eda de Canarias <\/strong><\/span><\/p>\n<p>A partir de las 11:00 h. en la plaza de Har\u00eda<\/p>\n<p style=\"padding-left: 30px;\">\u2022 Campeonato de Bola Canaria.<\/p>\n<p style=\"padding-left: 30px;\">\u2022 Talleres\/demostraci\u00f3n de deportes aut\u00f3ctonos: juego de la billarda y salto del pastor.<\/p>\n<p style=\"padding-left: 30px;\">\u2022 Juegos tradicionales para ni\u00f1os y j\u00f3venes.<\/p>\n<p style=\"padding-left: 30px;\">\u2022 Juegos tradicionales de inteligencia de las Islas Canarias.<\/p>\n<p>&nbsp;<\/p>\n<p>A partir de las 12:00 h. en la plaza de Har\u00eda<\/p>\n<p style=\"padding-left: 30px;\">\u2022 \u2018De Tapas en Har\u00eda\u2019.<\/p>\n<p style=\"padding-left: 30px;\">\u2022 Degustaci\u00f3n de tapas especiales sobre gastronom\u00eda canaria partir de 1 euro a cargo de los restaurantes del municipio.<\/p>\n<p style=\"padding-left: 30px;\">\u2022 Exhibici\u00f3n de orde\u00f1o y elaboraci\u00f3n de queso.<\/p>\n<p>&nbsp;<\/p>\n<p>A partir de las 12:30 h. en la plaza de Har\u00eda<\/p>\n<p style=\"padding-left: 30px;\">\u2022 Actuaci\u00f3n de la Agrupaci\u00f3n Folcl\u00f3rica Malpa\u00eds de La Corona y taller de baile canario.<\/p>\n<p style=\"padding-left: 30px;\">\u2022 Encuentro de timplistas con Jos\u00e9 Domingo Curbelo y Gabriel Garc\u00eda.<\/p>\n<p style=\"padding-left: 30px;\">\u2022 Actuaci\u00f3n de la parranda El Requinto.<\/p>\n<p>&nbsp;<\/p>\n<p>A partir de las 16:00 h. en la Plaza de Har\u00eda<\/p>\n<p style=\"padding-left: 30px;\">\u2022 Campeonato de Truco.<\/p>\n<p>&nbsp;<\/p>\n<p>A partir de las 17:00 h., en la Plaza de Har\u00eda<\/p>\n<p style=\"padding-left: 30px;\">\u2022 Actuaci\u00f3n musical con To\u00f1\u00edn Corujo (timple, guitarra ac\u00fastica y voz), Yarel Hern\u00e1ndez (bajo el\u00e9ctrico y voz), Israel Curbelo (percusi\u00f3n, piano y voz) y Toni Cantero (guitarra el\u00e9ctrica y voz).<\/p>\n","protected":false},"excerpt":{"rendered":"<p>Viernes, 27 de mayo: 10:00 h.- Romer\u00eda de los alumnos del CEIP San Juan, acompa\u00f1ados por un grupo musical, desde el centro Educativo hasta la plaza de Har\u00eda. 16:30 h.- Campeonato Municipal de Bola de Mayores \u2018D\u00eda de Canarias\u2019 en el solar anexo a la Plaza de Har\u00eda. &nbsp; S\u00e1bado, 28 de mayo: De 10:00 [&hellip;]<\/p>\n","protected":false},"author":2,"featured_media":0,"comment_status":"closed","ping_status":"closed","sticky":false,"template":"","format":"standard","meta":{"footnotes":""},"categories":[15,11],"tags":[],"class_list":["post-5790","post","type-post","status-publish","format-standard","hentry","category-festejos","category-hoja-de-haria"],"_links":{"self":[{"href":"https:\/\/www.ayuntamientodeharia.com\/haria\/wp-json\/wp\/v2\/posts\/5790","targetHints":{"allow":["GET"]}}],"collection":[{"href":"https:\/\/www.ayuntamientodeharia.com\/haria\/wp-json\/wp\/v2\/posts"}],"about":[{"href":"https:\/\/www.ayuntamientodeharia.com\/haria\/wp-json\/wp\/v2\/types\/post"}],"author":[{"embeddable":true,"href":"https:\/\/www.ayuntamientodeharia.com\/haria\/wp-json\/wp\/v2\/users\/2"}],"replies":[{"embeddable":true,"href":"https:\/\/www.ayuntamientodeharia.com\/haria\/wp-json\/wp\/v2\/comments?post=5790"}],"version-history":[{"count":0,"href":"https:\/\/www.ayuntamientodeharia.com\/haria\/wp-json\/wp\/v2\/posts\/5790\/revisions"}],"wp:attachment":[{"href":"https:\/\/www.ayuntamientodeharia.com\/haria\/wp-json\/wp\/v2\/media?parent=5790"}],"wp:term":[{"taxonomy":"category","embeddable":true,"href":"https:\/\/www.ayuntamientodeharia.com\/haria\/wp-json\/wp\/v2\/categories?post=5790"},{"taxonomy":"post_tag","embeddable":true,"href":"https:\/\/www.ayuntamientodeharia.com\/haria\/wp-json\/wp\/v2\/tags?post=5790"}],"curies":[{"name":"wp","href":"https:\/\/api.w.org\/{rel}","templated":true}]}}