{"id":5786,"date":"2016-05-27T11:18:46","date_gmt":"2016-05-27T11:18:46","guid":{"rendered":"http:\/\/www.ayuntamientodeharia.com\/haria\/?p=5786"},"modified":"2016-05-27T11:18:46","modified_gmt":"2016-05-27T11:18:46","slug":"el-club-de-futbol-de-haria-anima-a-los-vecinos-a-participar-en-el-asadero-de-san-juan","status":"publish","type":"post","link":"https:\/\/www.ayuntamientodeharia.com\/haria\/el-club-de-futbol-de-haria-anima-a-los-vecinos-a-participar-en-el-asadero-de-san-juan\/","title":{"rendered":"El Club de F\u00fatbol de Har\u00eda anima a los vecinos a participar en el asadero de San Juan"},"content":{"rendered":"<p>El Club de F\u00fatbol Rinc\u00f3n de Aganada de Har\u00eda pide la colaboraci\u00f3n de los vecinos del municipio para que participen, mediante un donativo de 3 euros, en la adquisici\u00f3n de una entrada que les permitir\u00e1 disfrutar del asadero que se realizar\u00e1 el 23 de junio, v\u00edspera de San Juan Bautista, tras la quema de Facundo en Har\u00eda. Las entradas se podr\u00e1n retirar en la librer\u00eda y en la pasteler\u00eda El Varadero de Arrieta y en la peluquer\u00eda Skina5 de Har\u00eda<\/p>\n","protected":false},"excerpt":{"rendered":"<p>El Club de F\u00fatbol Rinc\u00f3n de Aganada de Har\u00eda pide la colaboraci\u00f3n de los vecinos del municipio para que participen, mediante un donativo de 3 euros, en la adquisici\u00f3n de una entrada que les permitir\u00e1 disfrutar del asadero que se realizar\u00e1 el 23 de junio, v\u00edspera de San Juan Bautista, tras la quema de Facundo [&hellip;]<\/p>\n","protected":false},"author":2,"featured_media":0,"comment_status":"closed","ping_status":"closed","sticky":false,"template":"","format":"standard","meta":{"footnotes":""},"categories":[11,81],"tags":[],"class_list":["post-5786","post","type-post","status-publish","format-standard","hentry","category-hoja-de-haria","category-municipio"],"_links":{"self":[{"href":"https:\/\/www.ayuntamientodeharia.com\/haria\/wp-json\/wp\/v2\/posts\/5786","targetHints":{"allow":["GET"]}}],"collection":[{"href":"https:\/\/www.ayuntamientodeharia.com\/haria\/wp-json\/wp\/v2\/posts"}],"about":[{"href":"https:\/\/www.ayuntamientodeharia.com\/haria\/wp-json\/wp\/v2\/types\/post"}],"author":[{"embeddable":true,"href":"https:\/\/www.ayuntamientodeharia.com\/haria\/wp-json\/wp\/v2\/users\/2"}],"replies":[{"embeddable":true,"href":"https:\/\/www.ayuntamientodeharia.com\/haria\/wp-json\/wp\/v2\/comments?post=5786"}],"version-history":[{"count":0,"href":"https:\/\/www.ayuntamientodeharia.com\/haria\/wp-json\/wp\/v2\/posts\/5786\/revisions"}],"wp:attachment":[{"href":"https:\/\/www.ayuntamientodeharia.com\/haria\/wp-json\/wp\/v2\/media?parent=5786"}],"wp:term":[{"taxonomy":"category","embeddable":true,"href":"https:\/\/www.ayuntamientodeharia.com\/haria\/wp-json\/wp\/v2\/categories?post=5786"},{"taxonomy":"post_tag","embeddable":true,"href":"https:\/\/www.ayuntamientodeharia.com\/haria\/wp-json\/wp\/v2\/tags?post=5786"}],"curies":[{"name":"wp","href":"https:\/\/api.w.org\/{rel}","templated":true}]}}