{"id":5782,"date":"2016-05-27T11:06:09","date_gmt":"2016-05-27T11:06:09","guid":{"rendered":"http:\/\/www.ayuntamientodeharia.com\/haria\/?p=5782"},"modified":"2016-05-27T11:06:09","modified_gmt":"2016-05-27T11:06:09","slug":"balcon-de-haria-16","status":"publish","type":"post","link":"https:\/\/www.ayuntamientodeharia.com\/haria\/balcon-de-haria-16\/","title":{"rendered":"Balc\u00f3n de Har\u00eda"},"content":{"rendered":"<p><a style=\"font-weight: inherit; font-style: inherit; color: #1b8be0;\" href=\"http:\/\/www.ayuntamientodeharia.com\/haria\/wp-content\/uploads\/2016\/01\/gregorio.jpg\"><img decoding=\"async\" class=\"alignleft wp-image-3454\" style=\"font-weight: inherit; font-style: inherit; color: inherit;\" src=\"http:\/\/www.ayuntamientodeharia.com\/haria\/wp-content\/uploads\/2016\/01\/gregorio-246x300.jpg\" alt=\"gregorio\" width=\"114\" height=\"138\" srcset=\"https:\/\/www.ayuntamientodeharia.com\/haria\/wp-content\/uploads\/2016\/01\/gregorio-246x300.jpg 246w, https:\/\/www.ayuntamientodeharia.com\/haria\/wp-content\/uploads\/2016\/01\/gregorio.jpg 249w\" sizes=\"(max-width: 114px) 100vw, 114px\" \/><\/a><\/p>\n<p><strong style=\"font-weight: bold; font-style: inherit; color: inherit;\">Por Gregorio Barreto Vi\u00f1oly<\/strong><\/p>\n<p>&nbsp;<\/p>\n<p>&nbsp;<\/p>\n<h6 style=\"font-weight: inherit;\"><strong>Medidas locales de superficie existentes en la isla de Lanzarote<\/strong><\/h6>\n<p>Ya en otras ocasiones me he referido detalles relacionados con las medidas locales de superficie de Lanzarote y esta vez lo haremos orientado a una de las dos modalidades que se han usado en la Isla, siendo esta, precisamente, la que considero como la verdadera o real, porque se basa en la vara canaria, mientras que la otra se basa en la vara de Castilla, aunque esta concretamente tiene incluso m\u00e1s arraigo en Lanzarote entre los notarios, abogados y \u00f3rganos oficiales, y est\u00e1n regidos por dicha vara de Castilla, y puede que sea porque se le ha dado m\u00e1s publicidad o puede que m\u00e1s apoyo por ente oficial, pero creo que debe prevalecer el fundamento de nuestra vara canaria sobre la vara de Castilla.<\/p>\n<p><!--more--><\/p>\n<p>&nbsp;<\/p>\n<p>La modalidad de las medidas locales de Lanzarote que yo quiero hacer valer aqu\u00ed se basa en un cuadrado que tiene 140 varas lineales de lado, lo que hace un cuadrado principal de 19.600 varas cuadradas, o tambi\u00e9n es igual a 4.900 brazas cuadradas. Hay que partir de la base de que la hect\u00e1rea tiene 10.000 metros cuadrados, por el sistema m\u00e9trico decimal, lo que es equivalente a 100 \u00e1reas. El \u00e1rea tiene una superficie de 100 metros cuadrados. La fanega o fanegada, que tambi\u00e9n se le llam\u00f3 as\u00ed, tiene una superficie de 13.895 metros cuadrados, o lo que es igual, una hect\u00e1rea, 38 \u00e1reas y 95 centi\u00e1reas. La fanega tiene 12 almudes, el almud tiene cuatro cuartillos y el cuartillo tiene 102 brazas cuadradas.<\/p>\n<p>&nbsp;<\/p>\n<p>El almud, tambi\u00e9n llamado celem\u00edn, tiene una superficie de 1.157 metros cuadrados, o lo que es igual, 11 \u00e1reas y 57 centi\u00e1reas. El cuartillo tiene 289 metros cuadrados, igual a dos \u00e1reas y 89 centi\u00e1reas. Una braza cuadrada tiene 2,83 metros cuadrados y es equivalente a dos \u00e1reas y 83 centi\u00e1reas. Una vara lineal canaria tiene una longitud de 0,842 metros y es la base de todos los c\u00e1lculos que se derivan de la medida de esta modalidad de extensi\u00f3n superficial.<\/p>\n<p>&nbsp;<\/p>\n<p>Es interesante recordar y hacer valer que, al menos a lo largo del siglo XX y lo que va del siglo XXI, se ha venido utilizando a nivel del municipio de Har\u00eda, y seguramente desde mucho antes, la modalidad derivada de la vara canaria, y podemos decir que un gran valedor de este hecho fue Don Francisco Paz Betancor, conocido por Don Pancho Paz, o Don Pancho el de Don Rosendo, hombre dotado de una gran cultura y de los conocimientos de la evoluci\u00f3n de la historia y costumbres, muy preparado en estas mediciones, y por tanto una persona muy valedora, a la que hay que agradecerle este hecho.<\/p>\n<p>&nbsp;<\/p>\n<p>Pero la cosa no debe quedar ah\u00ed y, por ello, deben ser las autoridades de la Isla las que deban hacer valer el hecho de poner en su justo valor la vara canaria y rescatar unos valores que pertenecen a la isla de Lanzarote y que de no hacerse nada de forma r\u00e1pida, vamos a perder estas referencias de nuestra cultura e historia en su devenir, pues creo que vale la pena recuperar lo nuestro, y las autoridades son las responsables, pues utilizar como b\u00e1sica la vara de Castilla, teniendo como tenemos una vara canaria, es al menos un rid\u00edculo que incide negativamente en nuestra historia, y puede que sea el municipio de Har\u00eda el \u00fanico que lleva esta modalidad de prioritaria.<\/p>\n<p>&nbsp;<\/p>\n<p>&nbsp;<\/p>\n","protected":false},"excerpt":{"rendered":"<p>Por Gregorio Barreto Vi\u00f1oly &nbsp; &nbsp; Medidas locales de superficie existentes en la isla de Lanzarote Ya en otras ocasiones me he referido detalles relacionados con las medidas locales de superficie de Lanzarote y esta vez lo haremos orientado a una de las dos modalidades que se han usado en la Isla, siendo esta, precisamente, [&hellip;]<\/p>\n","protected":false},"author":2,"featured_media":0,"comment_status":"closed","ping_status":"closed","sticky":false,"template":"","format":"standard","meta":{"footnotes":""},"categories":[94,11],"tags":[],"class_list":["post-5782","post","type-post","status-publish","format-standard","hentry","category-balcon-de-haria","category-hoja-de-haria"],"_links":{"self":[{"href":"https:\/\/www.ayuntamientodeharia.com\/haria\/wp-json\/wp\/v2\/posts\/5782","targetHints":{"allow":["GET"]}}],"collection":[{"href":"https:\/\/www.ayuntamientodeharia.com\/haria\/wp-json\/wp\/v2\/posts"}],"about":[{"href":"https:\/\/www.ayuntamientodeharia.com\/haria\/wp-json\/wp\/v2\/types\/post"}],"author":[{"embeddable":true,"href":"https:\/\/www.ayuntamientodeharia.com\/haria\/wp-json\/wp\/v2\/users\/2"}],"replies":[{"embeddable":true,"href":"https:\/\/www.ayuntamientodeharia.com\/haria\/wp-json\/wp\/v2\/comments?post=5782"}],"version-history":[{"count":0,"href":"https:\/\/www.ayuntamientodeharia.com\/haria\/wp-json\/wp\/v2\/posts\/5782\/revisions"}],"wp:attachment":[{"href":"https:\/\/www.ayuntamientodeharia.com\/haria\/wp-json\/wp\/v2\/media?parent=5782"}],"wp:term":[{"taxonomy":"category","embeddable":true,"href":"https:\/\/www.ayuntamientodeharia.com\/haria\/wp-json\/wp\/v2\/categories?post=5782"},{"taxonomy":"post_tag","embeddable":true,"href":"https:\/\/www.ayuntamientodeharia.com\/haria\/wp-json\/wp\/v2\/tags?post=5782"}],"curies":[{"name":"wp","href":"https:\/\/api.w.org\/{rel}","templated":true}]}}