{"id":5637,"date":"2016-05-06T13:17:33","date_gmt":"2016-05-06T13:17:33","guid":{"rendered":"http:\/\/www.ayuntamientodeharia.com\/haria\/?p=5637"},"modified":"2016-05-06T13:17:33","modified_gmt":"2016-05-06T13:17:33","slug":"el-ayuntamiento-de-haria-plasma-su-voluntad-de-desarrollar-de-forma-sostenible-el-municipio-y-consolidar-la-reserva-de-la-biosfera-de-lanzarote","status":"publish","type":"post","link":"https:\/\/www.ayuntamientodeharia.com\/haria\/el-ayuntamiento-de-haria-plasma-su-voluntad-de-desarrollar-de-forma-sostenible-el-municipio-y-consolidar-la-reserva-de-la-biosfera-de-lanzarote\/","title":{"rendered":"El Ayuntamiento de Har\u00eda plasma su voluntad de desarrollar de forma sostenible el municipio y consolidar la Reserva de la Biosfera de Lanzarote"},"content":{"rendered":"<h3><strong>El Consistorio norte\u00f1o firm\u00f3 un convenio con el Cabildo insular durante la celebraci\u00f3n del Consejo de la Reserva de la Biosfera <\/strong><\/h3>\n<h3><strong>El alcalde, Marci Acu\u00f1a, se\u00f1ala \u201cel reto planteado por este Ayuntamiento de transitar hacia una mejora de la calidad de vida de los vecinos a trav\u00e9s de un desarrollo sostenible\u201d<\/strong><\/h3>\n<p>&nbsp;<\/p>\n<p><a href=\"http:\/\/www.ayuntamientodeharia.com\/haria\/wp-content\/uploads\/2016\/05\/biosfera2.jpg\"><img decoding=\"async\" class=\"alignleft  wp-image-5618\" src=\"http:\/\/www.ayuntamientodeharia.com\/haria\/wp-content\/uploads\/2016\/05\/biosfera2-300x203.jpg\" alt=\"biosfera2\" width=\"254\" height=\"175\" \/><\/a>El Ayuntamiento de Har\u00eda plasm\u00f3 el jueves, 5 de mayo, su voluntad de materializar un desarrollo sostenible del municipio, acorde con los par\u00e1metros establecidos en la \u2018Estrategia Lanzarote 2020\u2019, mediante la firma de un convenio de colaboraci\u00f3n con el Cabildo dirigido a compartir institucionalmente la consolidaci\u00f3n de la Reserva de la Biosfera de Lanzarote. Acu\u00f1a resalt\u00f3 el \u201cencaje\u201d de las directrices marcadas por la Reserva de la Biosfera y la \u2018Estrategia Lanzarote 2020\u2019 con \u201cel reto que se ha planteado el Consistorio norte\u00f1o de transitar hacia una mejora de la calidad de vida de los vecinos del municipio a trav\u00e9s de un desarrollo sostenible, cuidadoso con nuestra cultura tradicional, nuestra artesan\u00eda y nuestros productos agroalimentarios como la miel, la mermelada o los quesos; y que propicie sinergias entre el turismo y el sector primario\u201d.<\/p>\n<p><!--more--><\/p>\n<p>&nbsp;<\/p>\n<p><a href=\"http:\/\/www.ayuntamientodeharia.com\/haria\/wp-content\/uploads\/2016\/05\/biosfera3.jpg\"><img fetchpriority=\"high\" decoding=\"async\" class=\"alignleft size-medium wp-image-5619\" src=\"http:\/\/www.ayuntamientodeharia.com\/haria\/wp-content\/uploads\/2016\/05\/biosfera3-248x300.jpg\" alt=\"biosfera3\" width=\"248\" height=\"300\" srcset=\"https:\/\/www.ayuntamientodeharia.com\/haria\/wp-content\/uploads\/2016\/05\/biosfera3-248x300.jpg 248w, https:\/\/www.ayuntamientodeharia.com\/haria\/wp-content\/uploads\/2016\/05\/biosfera3.jpg 361w\" sizes=\"(max-width: 248px) 100vw, 248px\" \/><\/a>En este sentido, el primer teniente de alcalde, Jos\u00e9 P\u00e9rez Dorta enumer\u00f3 las numerosas iniciativas que el Ayuntamiento tiene previsto emprender en el proceso de desarrollo sostenible del municipio. Se trata de \u201cla creaci\u00f3n de un centro insular de artesan\u00eda, la rehabilitaci\u00f3n del Mirador de Har\u00eda con la apertura de un centro de interpretaci\u00f3n de la flora end\u00e9mica, la puesta en marcha de una bodega municipal abierta a la experimentaci\u00f3n, la elaboraci\u00f3n de un plan de recuperaci\u00f3n del patrimonio hidrol\u00f3gico y la ampliaci\u00f3n del Plan Especial de Protecci\u00f3n del Conjunto Hist\u00f3rico de Har\u00eda\u201d, entre otras muchas iniciativas medioambientales, educativas, tur\u00edsticas, energ\u00e9ticas, de cohesi\u00f3n social o referidas a la ordenaci\u00f3n territorial.<\/p>\n<p>&nbsp;<\/p>\n<p>Asimismo, enumer\u00f3 una serie de inversiones ya realizadas por la Corporaci\u00f3n municipal con el mismo fin. Por su parte, Pedro San Gin\u00e9s resalt\u00f3 \u201cla renuncia al desarrollo tur\u00edstico de masas\u201d del municipio de Har\u00eda, del que destac\u00f3 su \u201cpotencial para convertirse en paradigma del desarrollo tur\u00edstico sostenible, porque re\u00fane todas las condiciones necesarias para llevarlo a cabo a trav\u00e9s de la pr\u00e1ctica deportiva, de actividades relacionadas con la naturaleza o patrimoniales, como la artesan\u00eda\u201d.<\/p>\n<p>&nbsp;<\/p>\n<p><a href=\"http:\/\/www.ayuntamientodeharia.com\/haria\/wp-content\/uploads\/2016\/05\/biosfera-1.jpg\"><img decoding=\"async\" class=\"alignleft size-medium wp-image-5617\" src=\"http:\/\/www.ayuntamientodeharia.com\/haria\/wp-content\/uploads\/2016\/05\/biosfera-1-300x153.jpg\" alt=\"biosfera 1\" width=\"300\" height=\"153\" srcset=\"https:\/\/www.ayuntamientodeharia.com\/haria\/wp-content\/uploads\/2016\/05\/biosfera-1-300x153.jpg 300w, https:\/\/www.ayuntamientodeharia.com\/haria\/wp-content\/uploads\/2016\/05\/biosfera-1-768x393.jpg 768w, https:\/\/www.ayuntamientodeharia.com\/haria\/wp-content\/uploads\/2016\/05\/biosfera-1.jpg 892w\" sizes=\"(max-width: 300px) 100vw, 300px\" \/><\/a>Asimismo, calific\u00f3 de \u201cmuy ambicioso el plan dise\u00f1ado por el Ayuntamiento tomando a la \u2018Estrategia Lanzarote 2020\u2019 como hilo conductor y que, dada su envergadura, contar\u00e1 con la colaboraci\u00f3n de otras administraciones como el Cabildo o el Gobierno de Canarias\u201d. En el citado acuerdo se establece que \u201ccon el objetivo de acercar la Reserva de la Biosfera a los ciudadanos y propiciar as\u00ed una participaci\u00f3n m\u00e1s activa por parte de los mismos en el conjunto de la isla, un mayor conocimiento compartido y una puesta en valor del patrimonio natural y cultural de la Reserva de la Biosfera, el Cabildo de Lanzarote se compromete a tener presencia en el Ayuntamiento de Har\u00eda un d\u00eda por mes\u201d.<\/p>\n<p>&nbsp;<\/p>\n<p>De esta manera, \u201cpersonal del Cabildo se desplazar\u00e1 a las dependencias del Ayuntamiento el d\u00eda fijado, siempre y cuando se den las condiciones de disponibilidad y compatibilidad, y que en este caso ser\u00eda el primer jueves de cada mes\u201d, seg\u00fan consta en el convenio. Asimismo, y entre otros aspectos, se establece la organizaci\u00f3n de sesiones especiales de formaci\u00f3n y capacitaci\u00f3n en distintos formatos como talleres, presentaciones o exposiciones, con el objetivo de incrementar la concienciaci\u00f3n y puesta en valor de Lanzarote como Reserva de la Biosfera.<\/p>\n","protected":false},"excerpt":{"rendered":"<p>El Consistorio norte\u00f1o firm\u00f3 un convenio con el Cabildo insular durante la celebraci\u00f3n del Consejo de la Reserva de la Biosfera El alcalde, Marci Acu\u00f1a, se\u00f1ala \u201cel reto planteado por este Ayuntamiento de transitar hacia una mejora de la calidad de vida de los vecinos a trav\u00e9s de un desarrollo sostenible\u201d &nbsp; El Ayuntamiento de [&hellip;]<\/p>\n","protected":false},"author":2,"featured_media":0,"comment_status":"closed","ping_status":"closed","sticky":false,"template":"","format":"standard","meta":{"footnotes":""},"categories":[11,81],"tags":[],"class_list":["post-5637","post","type-post","status-publish","format-standard","hentry","category-hoja-de-haria","category-municipio"],"_links":{"self":[{"href":"https:\/\/www.ayuntamientodeharia.com\/haria\/wp-json\/wp\/v2\/posts\/5637","targetHints":{"allow":["GET"]}}],"collection":[{"href":"https:\/\/www.ayuntamientodeharia.com\/haria\/wp-json\/wp\/v2\/posts"}],"about":[{"href":"https:\/\/www.ayuntamientodeharia.com\/haria\/wp-json\/wp\/v2\/types\/post"}],"author":[{"embeddable":true,"href":"https:\/\/www.ayuntamientodeharia.com\/haria\/wp-json\/wp\/v2\/users\/2"}],"replies":[{"embeddable":true,"href":"https:\/\/www.ayuntamientodeharia.com\/haria\/wp-json\/wp\/v2\/comments?post=5637"}],"version-history":[{"count":0,"href":"https:\/\/www.ayuntamientodeharia.com\/haria\/wp-json\/wp\/v2\/posts\/5637\/revisions"}],"wp:attachment":[{"href":"https:\/\/www.ayuntamientodeharia.com\/haria\/wp-json\/wp\/v2\/media?parent=5637"}],"wp:term":[{"taxonomy":"category","embeddable":true,"href":"https:\/\/www.ayuntamientodeharia.com\/haria\/wp-json\/wp\/v2\/categories?post=5637"},{"taxonomy":"post_tag","embeddable":true,"href":"https:\/\/www.ayuntamientodeharia.com\/haria\/wp-json\/wp\/v2\/tags?post=5637"}],"curies":[{"name":"wp","href":"https:\/\/api.w.org\/{rel}","templated":true}]}}