{"id":5633,"date":"2016-05-06T13:14:22","date_gmt":"2016-05-06T13:14:22","guid":{"rendered":"http:\/\/www.ayuntamientodeharia.com\/haria\/?p=5633"},"modified":"2016-05-06T13:14:22","modified_gmt":"2016-05-06T13:14:22","slug":"haria-extreme-lanzarote-2016-se-prepara-para-abrir-inscripciones","status":"publish","type":"post","link":"https:\/\/www.ayuntamientodeharia.com\/haria\/haria-extreme-lanzarote-2016-se-prepara-para-abrir-inscripciones\/","title":{"rendered":"\u2018Har\u00eda Extreme Lanzarote 2016\u2019 se prepara para abrir inscripciones"},"content":{"rendered":"<p><a href=\"http:\/\/www.ayuntamientodeharia.com\/haria\/wp-content\/uploads\/2016\/05\/extreme.jpg\"><img decoding=\"async\" class=\"alignleft  wp-image-5622\" src=\"http:\/\/www.ayuntamientodeharia.com\/haria\/wp-content\/uploads\/2016\/05\/extreme-300x151.jpg\" alt=\"extreme\" width=\"258\" height=\"135\" \/><\/a>La \u2018Har\u00eda Extreme Lanzarote\u2019 regresa en 2016 con cuatro modalidades de carrera y distancias para todos los gustos, desde los 10 kil\u00f3metros de la modalidad Starter, hasta los 102 kil\u00f3metros de la Ultra, que para 2016 aumenta en distancia y cambia su l\u00ednea de salida. Asimismo, se mantienen las modalidades Medium, de 23 kil\u00f3metros, y la Marat\u00f3n, de 41 kil\u00f3metros, aunque con algunas variaciones en el recorrido con respecto a a\u00f1os anteriores.<\/p>\n<p>&nbsp;<\/p>\n<p>Al igual que en ediciones anteriores, las modalidades m\u00e1s cortas de carrera repetir\u00e1n l\u00ednea de salida, desde la misma plaza de Har\u00eda, mientras que la modalidad Ultra da una vuelta de tuerca para salir desde Timanfaya, el \u00fanico parque nacional de La Red Espa- \u00f1ola de Parques Nacionales eminentemente geol\u00f3gico y que representa una muestra del volcanismo reciente e hist\u00f3rico en la Regi\u00f3n Macaron\u00e9sica.<\/p>\n<p><!--more--><\/p>\n<p>&nbsp;<\/p>\n<p>\u2018Har\u00eda Extreme\u2019 atrae a miles de corredores por su paisaje volc\u00e1nico, su espectacular recorrido y el calor de su pueblo. En su sexta edici\u00f3n, los corredores disfrutar\u00e1n de nuevos paisajes, como los que ofrece la Geria, el propio parque de Timanfaya o el mismo Mirador del R\u00edo, y volver\u00e1 a repetir recorrido, como la emblem\u00e1tica subida de Guinate, \u00d3rzola, el Malpa\u00eds de Siete Leguas, la bajada de los Gracioseros, Pe\u00f1as del Chache o la playa de La Garita, todos ellos parajes indescriptibles que dan un toque de distinci\u00f3n \u00fanico a la carrera.<\/p>\n<p>&nbsp;<\/p>\n<p>Por segundo a\u00f1o consecutivo, la Ultra ser\u00e1 prueba puntuable para el \u2018Spain Ultra Cup Aml Sport HG\u2019, el circuito que re\u00fane a las mejores ultras del pa\u00eds, y adem\u00e1s la Marat\u00f3n ser\u00e1 prueba clasificatoria para la modalidad M del circuito nacional. Asimismo, en la \u2018Har\u00eda Extreme\u2019 se decidir\u00e1 el ganador de la \u2018Copa de Canarias de Carreras por Monta\u00f1a\u2019, al ser la prueba que clausure el circuito en 2016. Las inscripciones podr\u00e1n realizarse a partir del pr\u00f3ximo d\u00eda 12 de mayo, a las 12:00 horas del mediod\u00eda, a trav\u00e9s del portal de inscripciones de Chronorace.<\/p>\n","protected":false},"excerpt":{"rendered":"<p>La \u2018Har\u00eda Extreme Lanzarote\u2019 regresa en 2016 con cuatro modalidades de carrera y distancias para todos los gustos, desde los 10 kil\u00f3metros de la modalidad Starter, hasta los 102 kil\u00f3metros de la Ultra, que para 2016 aumenta en distancia y cambia su l\u00ednea de salida. Asimismo, se mantienen las modalidades Medium, de 23 kil\u00f3metros, y [&hellip;]<\/p>\n","protected":false},"author":2,"featured_media":0,"comment_status":"closed","ping_status":"closed","sticky":false,"template":"","format":"standard","meta":{"footnotes":""},"categories":[17,11],"tags":[],"class_list":["post-5633","post","type-post","status-publish","format-standard","hentry","category-deportes","category-hoja-de-haria"],"_links":{"self":[{"href":"https:\/\/www.ayuntamientodeharia.com\/haria\/wp-json\/wp\/v2\/posts\/5633","targetHints":{"allow":["GET"]}}],"collection":[{"href":"https:\/\/www.ayuntamientodeharia.com\/haria\/wp-json\/wp\/v2\/posts"}],"about":[{"href":"https:\/\/www.ayuntamientodeharia.com\/haria\/wp-json\/wp\/v2\/types\/post"}],"author":[{"embeddable":true,"href":"https:\/\/www.ayuntamientodeharia.com\/haria\/wp-json\/wp\/v2\/users\/2"}],"replies":[{"embeddable":true,"href":"https:\/\/www.ayuntamientodeharia.com\/haria\/wp-json\/wp\/v2\/comments?post=5633"}],"version-history":[{"count":0,"href":"https:\/\/www.ayuntamientodeharia.com\/haria\/wp-json\/wp\/v2\/posts\/5633\/revisions"}],"wp:attachment":[{"href":"https:\/\/www.ayuntamientodeharia.com\/haria\/wp-json\/wp\/v2\/media?parent=5633"}],"wp:term":[{"taxonomy":"category","embeddable":true,"href":"https:\/\/www.ayuntamientodeharia.com\/haria\/wp-json\/wp\/v2\/categories?post=5633"},{"taxonomy":"post_tag","embeddable":true,"href":"https:\/\/www.ayuntamientodeharia.com\/haria\/wp-json\/wp\/v2\/tags?post=5633"}],"curies":[{"name":"wp","href":"https:\/\/api.w.org\/{rel}","templated":true}]}}