{"id":5631,"date":"2016-05-06T13:13:21","date_gmt":"2016-05-06T13:13:21","guid":{"rendered":"http:\/\/www.ayuntamientodeharia.com\/haria\/?p=5631"},"modified":"2016-05-06T13:13:21","modified_gmt":"2016-05-06T13:13:21","slug":"curso-relativo-a-la-normativa-sobre-las-asociaciones-de-canarias-2","status":"publish","type":"post","link":"https:\/\/www.ayuntamientodeharia.com\/haria\/curso-relativo-a-la-normativa-sobre-las-asociaciones-de-canarias-2\/","title":{"rendered":"Curso relativo a la normativa sobre las asociaciones de Canarias"},"content":{"rendered":"<p>La Concejal\u00eda de Participaci\u00f3n Ciudadana, que coordina Auxiliadora Fern\u00e1ndez Peraza, comunica que desde el \u00e1rea hom\u00f3loga en el Cabildo de Lanzarote se impartir\u00e1 un curso sobre \u2018Normativa sobre asociaciones de Canarias\u2019, que ser\u00e1 ofrecido por Francisco Su\u00e1rez Hern\u00e1ndez, jefe de Servicios de Entidades Jur\u00eddicas de la Direcci\u00f3n General de Relaciones Institucionales, Participaci\u00f3n Ciudadana y Juventud del Gobierno de Canarias, el 27 de mayo, de 17:00 a 21:00 horas, en el Centro C\u00ed- vico de Arrecife.<\/p>\n<p><!--more--><\/p>\n<p>&nbsp;<\/p>\n<p>Durante el desarrollo del curso se plantear\u00e1 qu\u00e9 es una asociaci\u00f3n, as\u00ed como qui\u00e9n la puede constituir y c\u00f3mo hacerlo, para finalizar la jornada formativa con una exposici\u00f3n de los pasos que hay que seguir para inscribirla en el Registro de Asociaciones de Canarias. Los interesados en realizar el curso deber\u00e1n formalizar la inscripci\u00f3n antes del 22 de mayo, de forma presencial en la Oficina de Participaci\u00f3n Ciudadana del Cabildo de Lanzarote, enviando la solicitud al correo entretodos@cabildodelanzarote.com o mediante el fax al 928 807 810.<\/p>\n","protected":false},"excerpt":{"rendered":"<p>La Concejal\u00eda de Participaci\u00f3n Ciudadana, que coordina Auxiliadora Fern\u00e1ndez Peraza, comunica que desde el \u00e1rea hom\u00f3loga en el Cabildo de Lanzarote se impartir\u00e1 un curso sobre \u2018Normativa sobre asociaciones de Canarias\u2019, que ser\u00e1 ofrecido por Francisco Su\u00e1rez Hern\u00e1ndez, jefe de Servicios de Entidades Jur\u00eddicas de la Direcci\u00f3n General de Relaciones Institucionales, Participaci\u00f3n Ciudadana y Juventud [&hellip;]<\/p>\n","protected":false},"author":2,"featured_media":0,"comment_status":"closed","ping_status":"closed","sticky":false,"template":"","format":"standard","meta":{"footnotes":""},"categories":[11,111],"tags":[],"class_list":["post-5631","post","type-post","status-publish","format-standard","hentry","category-hoja-de-haria","category-participacion-ciudadana"],"_links":{"self":[{"href":"https:\/\/www.ayuntamientodeharia.com\/haria\/wp-json\/wp\/v2\/posts\/5631","targetHints":{"allow":["GET"]}}],"collection":[{"href":"https:\/\/www.ayuntamientodeharia.com\/haria\/wp-json\/wp\/v2\/posts"}],"about":[{"href":"https:\/\/www.ayuntamientodeharia.com\/haria\/wp-json\/wp\/v2\/types\/post"}],"author":[{"embeddable":true,"href":"https:\/\/www.ayuntamientodeharia.com\/haria\/wp-json\/wp\/v2\/users\/2"}],"replies":[{"embeddable":true,"href":"https:\/\/www.ayuntamientodeharia.com\/haria\/wp-json\/wp\/v2\/comments?post=5631"}],"version-history":[{"count":0,"href":"https:\/\/www.ayuntamientodeharia.com\/haria\/wp-json\/wp\/v2\/posts\/5631\/revisions"}],"wp:attachment":[{"href":"https:\/\/www.ayuntamientodeharia.com\/haria\/wp-json\/wp\/v2\/media?parent=5631"}],"wp:term":[{"taxonomy":"category","embeddable":true,"href":"https:\/\/www.ayuntamientodeharia.com\/haria\/wp-json\/wp\/v2\/categories?post=5631"},{"taxonomy":"post_tag","embeddable":true,"href":"https:\/\/www.ayuntamientodeharia.com\/haria\/wp-json\/wp\/v2\/tags?post=5631"}],"curies":[{"name":"wp","href":"https:\/\/api.w.org\/{rel}","templated":true}]}}