{"id":5627,"date":"2016-05-06T13:11:35","date_gmt":"2016-05-06T13:11:35","guid":{"rendered":"http:\/\/www.ayuntamientodeharia.com\/haria\/?p=5627"},"modified":"2016-05-06T13:11:35","modified_gmt":"2016-05-06T13:11:35","slug":"acondicionamiento-del-csc-la-tegala","status":"publish","type":"post","link":"https:\/\/www.ayuntamientodeharia.com\/haria\/acondicionamiento-del-csc-la-tegala\/","title":{"rendered":"Acondicionamiento del CSC La Tegala"},"content":{"rendered":"<p>El Consistorio norte\u00f1o ha realizado obras de acondicionamiento en el Centro Sociocultural La Tegala, consistentes en la colocaci\u00f3n de las planchas deterioradas del falso techo, la reposici\u00f3n de sanitarios y la adecuaci\u00f3n de los ba\u00f1os, as\u00ed como el pintado del edificio. El alcalde, Marci Acu\u00f1a, felicita a los trabajadores de la Corporaci\u00f3n por la rapidez con la que se han acometido las obras.<\/p>\n","protected":false},"excerpt":{"rendered":"<p>El Consistorio norte\u00f1o ha realizado obras de acondicionamiento en el Centro Sociocultural La Tegala, consistentes en la colocaci\u00f3n de las planchas deterioradas del falso techo, la reposici\u00f3n de sanitarios y la adecuaci\u00f3n de los ba\u00f1os, as\u00ed como el pintado del edificio. El alcalde, Marci Acu\u00f1a, felicita a los trabajadores de la Corporaci\u00f3n por la rapidez [&hellip;]<\/p>\n","protected":false},"author":2,"featured_media":0,"comment_status":"closed","ping_status":"closed","sticky":false,"template":"","format":"standard","meta":{"footnotes":""},"categories":[32,11],"tags":[],"class_list":["post-5627","post","type-post","status-publish","format-standard","hentry","category-anuncios","category-hoja-de-haria"],"_links":{"self":[{"href":"https:\/\/www.ayuntamientodeharia.com\/haria\/wp-json\/wp\/v2\/posts\/5627","targetHints":{"allow":["GET"]}}],"collection":[{"href":"https:\/\/www.ayuntamientodeharia.com\/haria\/wp-json\/wp\/v2\/posts"}],"about":[{"href":"https:\/\/www.ayuntamientodeharia.com\/haria\/wp-json\/wp\/v2\/types\/post"}],"author":[{"embeddable":true,"href":"https:\/\/www.ayuntamientodeharia.com\/haria\/wp-json\/wp\/v2\/users\/2"}],"replies":[{"embeddable":true,"href":"https:\/\/www.ayuntamientodeharia.com\/haria\/wp-json\/wp\/v2\/comments?post=5627"}],"version-history":[{"count":0,"href":"https:\/\/www.ayuntamientodeharia.com\/haria\/wp-json\/wp\/v2\/posts\/5627\/revisions"}],"wp:attachment":[{"href":"https:\/\/www.ayuntamientodeharia.com\/haria\/wp-json\/wp\/v2\/media?parent=5627"}],"wp:term":[{"taxonomy":"category","embeddable":true,"href":"https:\/\/www.ayuntamientodeharia.com\/haria\/wp-json\/wp\/v2\/categories?post=5627"},{"taxonomy":"post_tag","embeddable":true,"href":"https:\/\/www.ayuntamientodeharia.com\/haria\/wp-json\/wp\/v2\/tags?post=5627"}],"curies":[{"name":"wp","href":"https:\/\/api.w.org\/{rel}","templated":true}]}}