{"id":5623,"date":"2016-05-06T13:10:11","date_gmt":"2016-05-06T13:10:11","guid":{"rendered":"http:\/\/www.ayuntamientodeharia.com\/haria\/?p=5623"},"modified":"2016-05-19T12:55:23","modified_gmt":"2016-05-19T12:55:23","slug":"balcon-de-haria-13","status":"publish","type":"post","link":"https:\/\/www.ayuntamientodeharia.com\/haria\/balcon-de-haria-13\/","title":{"rendered":"Balc\u00f3n de Har\u00eda"},"content":{"rendered":"<p><a style=\"font-weight: inherit; font-style: inherit; color: #1b8be0;\" href=\"http:\/\/www.ayuntamientodeharia.com\/haria\/wp-content\/uploads\/2016\/01\/gregorio.jpg\"><img decoding=\"async\" class=\"alignleft wp-image-3454\" style=\"font-weight: inherit; font-style: inherit; color: inherit;\" src=\"http:\/\/www.ayuntamientodeharia.com\/haria\/wp-content\/uploads\/2016\/01\/gregorio-246x300.jpg\" alt=\"gregorio\" width=\"114\" height=\"138\" srcset=\"https:\/\/www.ayuntamientodeharia.com\/haria\/wp-content\/uploads\/2016\/01\/gregorio-246x300.jpg 246w, https:\/\/www.ayuntamientodeharia.com\/haria\/wp-content\/uploads\/2016\/01\/gregorio.jpg 249w\" sizes=\"(max-width: 114px) 100vw, 114px\" \/><\/a><\/p>\n<p><strong style=\"font-weight: bold; font-style: inherit; color: inherit;\">Por Gregorio Barreto Vi\u00f1oly<\/strong><\/p>\n<p>&nbsp;<\/p>\n<p>&nbsp;<\/p>\n<h6 style=\"font-weight: inherit;\"><strong>De las idas a los ba\u00f1os que se hac\u00edan antes<\/strong><\/h6>\n<p>Haciendo memoria de las costumbres que hab\u00eda antes, y compar\u00e1ndolas con las que hay ahora, resulta que en muchos ambientes no hay ni punto de comparaci\u00f3n, porque la evoluci\u00f3n de la sociedad es algo que se produce de una forma r\u00e1pida y a veces se rompen referencias anteriores y otras veces nacen o surgen ideas y formas nuevas.<\/p>\n<p>&nbsp;<\/p>\n<p>En esta ocasi\u00f3n nos vamos a referir a las formas en que antes las familias se iban preparando para ir en el verano a un lugar de la orilla del mar, a donde sol\u00eda ir su familia o allegados, de todos los a\u00f1os, y estos lugares fueron m\u00e1s antiguamente los ba\u00f1os en los varios charcos de \u00d3rzola, o en las costas de Punta Mujeres, y algunos en Arrieta, aunque en este pueblo ya hab\u00eda una consolidaci\u00f3n de personas que viv\u00edan de fijo en sus propias casas.<\/p>\n<p><!--more--><\/p>\n<p>&nbsp;<\/p>\n<p>Hay que tener en cuenta que uno de los pueblos que m\u00e1s incidencia tuvo respecto de los ba\u00f1os, en los a\u00f1os de 1950 y 1960, especialmente, que es cuando m\u00e1s se not\u00f3 este flujo, fue el Caser\u00edo de Punta Mujeres, siendo \u00d3rzola un pueblo m\u00e1s consolidado, y desde principios del siglo XX ya hab\u00eda bastante concurrencia a este lugar, pero en Punta Mujeres hab\u00eda muy pocas casas, habiendo eso s\u00ed, muchas chozas de piedra seca, o de piedra y barro.<\/p>\n<p>&nbsp;<\/p>\n<p>Era peculiar en los a\u00f1os de 1950 y 1960, al menos, el ir preparando el jato para ir a pasarse as\u00ed como 10 o 15 d\u00edas en la orilla del mar, y en especial el auge se dirig\u00eda a Punta Mujeres, y ello en la choza propia o en una de un vecino, amigo o allegado, y vaya que se ten\u00eda el burro preparado, con su silla o sus alforjas, y se sol\u00eda llevar la ropa m\u00e1s vieja o de menos calidad, y se dejaba la mejor para utilizar en el pueblo, mientas que al poco era ya al rev\u00e9s, y la ropa vieja se utilizaba en el pueblo y lo mejor se iba a lucir en la playa o en la orilla del mar.<\/p>\n<p>&nbsp;<\/p>\n<p>A principios de los a\u00f1os de 1960 se produjo un auge y un entusiasmo fuera de lo normal por tener alg\u00fan sitio al que ir a la playa o al ba\u00f1o, y para eso, eran muy pocos los que ten\u00edan algo, y algunos ten\u00edan una casita aunque fuera pobre, pero la mayor\u00eda no ten\u00eda nada, ni siquiera una chocita vieja, y entonces el que ya estaba entusiasmado con el ba\u00f1o se las arreglaba y se atrev\u00eda a pedir prestada la de su vecino, amigo o familiar, siquiera una habitaci\u00f3n, o tambi\u00e9n pod\u00eda ser una choza, de las que tampoco hab\u00eda muchas. Recuerdo que las personas que se iban para Punta Mujeres, por ejemplo, se iban primero por el mes de agosto, pero les quedaba pendiente el tener que plantar las papas, y as\u00ed ven\u00edan y las plantaban y se iban otra vez por una o dos semanas m\u00e1s.<\/p>\n<p>&nbsp;<\/p>\n<p>En principios de los a\u00f1os de 1960 surgi\u00f3 la idea de la gente de tener una choza o algo propio, aunque fuera de piedra seca, pero ya la cosa se fue abriendo, y surgi\u00f3 alg\u00fan puesto de trabajo y en honor a ello, ya se pod\u00eda comprar un solarcito y juntar alguna perra para construir algo, y as\u00ed se fue cubriendo de nuevos edificios la zona de playa y se recuerda a\u00fan de ver c\u00f3mo se hac\u00edan unos peque\u00f1os aljibitos en las casas, que no daban para cubrir las necesidades de la casa, pero que se fueron agrandando y cubriendo la necesidad de la familia.<\/p>\n<p>&nbsp;<\/p>\n<p>Por ello, no se contaba con agua, sino apenas en la casa, y se utilizaba la que se tra\u00eda del mar para fregar la loza y cubrir algunas necesidades, y tampoco hab\u00eda luz, ni agua corriente, y los caminos y calles eran de tierra, pero todo ello se fue cubriendo con aportaci\u00f3n de los vecinos, como obras comunitarias, y se fue asfaltando, y hoy el pueblo de Punta Mujeres tiene tanta poblaci\u00f3n como el de Har\u00eda. Se fueron haciendo desde el principio, adem\u00e1s, unas piscinas, con iniciativa y trabajo de los ba\u00f1istas, a veces con alguna aportaci\u00f3n, siquiera mec\u00e1nica, del Ayuntamiento.<\/p>\n","protected":false},"excerpt":{"rendered":"<p>Por Gregorio Barreto Vi\u00f1oly &nbsp; &nbsp; De las idas a los ba\u00f1os que se hac\u00edan antes Haciendo memoria de las costumbres que hab\u00eda antes, y compar\u00e1ndolas con las que hay ahora, resulta que en muchos ambientes no hay ni punto de comparaci\u00f3n, porque la evoluci\u00f3n de la sociedad es algo que se produce de una [&hellip;]<\/p>\n","protected":false},"author":2,"featured_media":0,"comment_status":"closed","ping_status":"closed","sticky":false,"template":"","format":"standard","meta":{"footnotes":""},"categories":[94,11],"tags":[],"class_list":["post-5623","post","type-post","status-publish","format-standard","hentry","category-balcon-de-haria","category-hoja-de-haria"],"_links":{"self":[{"href":"https:\/\/www.ayuntamientodeharia.com\/haria\/wp-json\/wp\/v2\/posts\/5623","targetHints":{"allow":["GET"]}}],"collection":[{"href":"https:\/\/www.ayuntamientodeharia.com\/haria\/wp-json\/wp\/v2\/posts"}],"about":[{"href":"https:\/\/www.ayuntamientodeharia.com\/haria\/wp-json\/wp\/v2\/types\/post"}],"author":[{"embeddable":true,"href":"https:\/\/www.ayuntamientodeharia.com\/haria\/wp-json\/wp\/v2\/users\/2"}],"replies":[{"embeddable":true,"href":"https:\/\/www.ayuntamientodeharia.com\/haria\/wp-json\/wp\/v2\/comments?post=5623"}],"version-history":[{"count":0,"href":"https:\/\/www.ayuntamientodeharia.com\/haria\/wp-json\/wp\/v2\/posts\/5623\/revisions"}],"wp:attachment":[{"href":"https:\/\/www.ayuntamientodeharia.com\/haria\/wp-json\/wp\/v2\/media?parent=5623"}],"wp:term":[{"taxonomy":"category","embeddable":true,"href":"https:\/\/www.ayuntamientodeharia.com\/haria\/wp-json\/wp\/v2\/categories?post=5623"},{"taxonomy":"post_tag","embeddable":true,"href":"https:\/\/www.ayuntamientodeharia.com\/haria\/wp-json\/wp\/v2\/tags?post=5623"}],"curies":[{"name":"wp","href":"https:\/\/api.w.org\/{rel}","templated":true}]}}