{"id":5576,"date":"2016-05-03T12:29:02","date_gmt":"2016-05-03T12:29:02","guid":{"rendered":"http:\/\/www.ayuntamientodeharia.com\/haria\/?p=5576"},"modified":"2016-05-03T12:29:02","modified_gmt":"2016-05-03T12:29:02","slug":"actos-del-dia-de-canarias-30-de-mayo-plaza-de-haria-2","status":"publish","type":"post","link":"https:\/\/www.ayuntamientodeharia.com\/haria\/actos-del-dia-de-canarias-30-de-mayo-plaza-de-haria-2\/","title":{"rendered":"Actos del D\u00eda de Canarias 30 de mayo. Plaza de Har\u00eda"},"content":{"rendered":"<p><strong>Jueves, 29 de mayo: <\/strong><\/p>\n<p>&nbsp;<\/p>\n<p><em>21:00 h<\/em>. \u2018Timplemente\u2019 Espect\u00e1culo musical en el que participan los reconocidos timplistas To\u00f1\u00edn Corujo, Gabriel Garc\u00eda y Domingo Rodr\u00edguez \u2018El Colorao\u2019, as\u00ed como Jos\u00e9 Manuel Ramos, Alba P\u00e9rez y la Agrupaci\u00f3n Musical Timbayba.<\/p>\n<p><!--more--><\/p>\n<p>&nbsp;<\/p>\n<p><strong>Viernes, 30 de mayo:D\u00eda de Canarias <\/strong><\/p>\n<p>&nbsp;<\/p>\n<p><em>21:00 h<\/em>. \u2018Puesta del Mantel&#8217; Encuentro festivo con la actuaci\u00f3n de las parrandas Los Gurfines son del Puerto y Chimida. Los asistentes deber\u00e1n reservar mesa en el Departamento de Cultura, antes del 28 de mayo, y llevar sus enyesques. Se otorgar\u00e1 un premio de 150 euros a la mesa mejor ataviada.<\/p>\n<p>&nbsp;<\/p>\n<p><strong>S\u00e1bado, 31 de mayo:<\/strong><\/p>\n<p>&nbsp;<\/p>\n<p><em>12:00 h.:<\/em> \u2018Festival de M\u00fasicas del Mundo de Har\u00eda\u2019. Con la actuaci\u00f3n de los grupos Naya Band, Skyband y Rasta Glover.<\/p>\n","protected":false},"excerpt":{"rendered":"<p>Jueves, 29 de mayo: &nbsp; 21:00 h. \u2018Timplemente\u2019 Espect\u00e1culo musical en el que participan los reconocidos timplistas To\u00f1\u00edn Corujo, Gabriel Garc\u00eda y Domingo Rodr\u00edguez \u2018El Colorao\u2019, as\u00ed como Jos\u00e9 Manuel Ramos, Alba P\u00e9rez y la Agrupaci\u00f3n Musical Timbayba.<\/p>\n","protected":false},"author":2,"featured_media":0,"comment_status":"closed","ping_status":"closed","sticky":false,"template":"","format":"standard","meta":{"footnotes":""},"categories":[15,11],"tags":[],"class_list":["post-5576","post","type-post","status-publish","format-standard","hentry","category-festejos","category-hoja-de-haria"],"_links":{"self":[{"href":"https:\/\/www.ayuntamientodeharia.com\/haria\/wp-json\/wp\/v2\/posts\/5576","targetHints":{"allow":["GET"]}}],"collection":[{"href":"https:\/\/www.ayuntamientodeharia.com\/haria\/wp-json\/wp\/v2\/posts"}],"about":[{"href":"https:\/\/www.ayuntamientodeharia.com\/haria\/wp-json\/wp\/v2\/types\/post"}],"author":[{"embeddable":true,"href":"https:\/\/www.ayuntamientodeharia.com\/haria\/wp-json\/wp\/v2\/users\/2"}],"replies":[{"embeddable":true,"href":"https:\/\/www.ayuntamientodeharia.com\/haria\/wp-json\/wp\/v2\/comments?post=5576"}],"version-history":[{"count":0,"href":"https:\/\/www.ayuntamientodeharia.com\/haria\/wp-json\/wp\/v2\/posts\/5576\/revisions"}],"wp:attachment":[{"href":"https:\/\/www.ayuntamientodeharia.com\/haria\/wp-json\/wp\/v2\/media?parent=5576"}],"wp:term":[{"taxonomy":"category","embeddable":true,"href":"https:\/\/www.ayuntamientodeharia.com\/haria\/wp-json\/wp\/v2\/categories?post=5576"},{"taxonomy":"post_tag","embeddable":true,"href":"https:\/\/www.ayuntamientodeharia.com\/haria\/wp-json\/wp\/v2\/tags?post=5576"}],"curies":[{"name":"wp","href":"https:\/\/api.w.org\/{rel}","templated":true}]}}