{"id":5574,"date":"2016-05-03T12:27:41","date_gmt":"2016-05-03T12:27:41","guid":{"rendered":"http:\/\/www.ayuntamientodeharia.com\/haria\/?p=5574"},"modified":"2016-05-03T12:27:41","modified_gmt":"2016-05-03T12:27:41","slug":"actuacion-de-los-alumnos-de-danza-moderna","status":"publish","type":"post","link":"https:\/\/www.ayuntamientodeharia.com\/haria\/actuacion-de-los-alumnos-de-danza-moderna\/","title":{"rendered":"Actuaci\u00f3n de los alumnos de Danza Moderna"},"content":{"rendered":"<p>El s\u00e1bado, 24 de mayo, a las 18:00 horas, se clausura la actividad extraescolar de danza moderna organizada por el AMPA del CEIP San Juan de Har\u00eda, con un espect\u00e1culo de exhibici\u00f3n en el que actuar\u00e1n los alumnos matriculados en la misma.<\/p>\n<p><!--more--><\/p>\n<p>Este acto contar\u00e1, adem\u00e1s, con la participaci\u00f3n de dos alumnos del CEIP San Juan de Har\u00eda, Nayara Rodr\u00edguez Perdomo, qui\u00e9n deleitar\u00e1 a los asistentes con varias canciones, y N\u00e9stor Arencibia Perdomo, qui\u00e9n interpretar\u00e1 algunas composiciones al clarinete.<\/p>\n<p>&nbsp;<\/p>\n<p>El AMPA San Juan de Har\u00eda invita, no solo a las familias de los ni\u00f1os participantes a asistir al acto, sino tambi\u00e9n a los vecino del municipio para as\u00ed arropar con su presencia y apoyo el trabajo realizado por los ni\u00f1os.<\/p>\n","protected":false},"excerpt":{"rendered":"<p>El s\u00e1bado, 24 de mayo, a las 18:00 horas, se clausura la actividad extraescolar de danza moderna organizada por el AMPA del CEIP San Juan de Har\u00eda, con un espect\u00e1culo de exhibici\u00f3n en el que actuar\u00e1n los alumnos matriculados en la misma.<\/p>\n","protected":false},"author":2,"featured_media":0,"comment_status":"closed","ping_status":"closed","sticky":false,"template":"","format":"standard","meta":{"footnotes":""},"categories":[11],"tags":[],"class_list":["post-5574","post","type-post","status-publish","format-standard","hentry","category-hoja-de-haria"],"_links":{"self":[{"href":"https:\/\/www.ayuntamientodeharia.com\/haria\/wp-json\/wp\/v2\/posts\/5574","targetHints":{"allow":["GET"]}}],"collection":[{"href":"https:\/\/www.ayuntamientodeharia.com\/haria\/wp-json\/wp\/v2\/posts"}],"about":[{"href":"https:\/\/www.ayuntamientodeharia.com\/haria\/wp-json\/wp\/v2\/types\/post"}],"author":[{"embeddable":true,"href":"https:\/\/www.ayuntamientodeharia.com\/haria\/wp-json\/wp\/v2\/users\/2"}],"replies":[{"embeddable":true,"href":"https:\/\/www.ayuntamientodeharia.com\/haria\/wp-json\/wp\/v2\/comments?post=5574"}],"version-history":[{"count":0,"href":"https:\/\/www.ayuntamientodeharia.com\/haria\/wp-json\/wp\/v2\/posts\/5574\/revisions"}],"wp:attachment":[{"href":"https:\/\/www.ayuntamientodeharia.com\/haria\/wp-json\/wp\/v2\/media?parent=5574"}],"wp:term":[{"taxonomy":"category","embeddable":true,"href":"https:\/\/www.ayuntamientodeharia.com\/haria\/wp-json\/wp\/v2\/categories?post=5574"},{"taxonomy":"post_tag","embeddable":true,"href":"https:\/\/www.ayuntamientodeharia.com\/haria\/wp-json\/wp\/v2\/tags?post=5574"}],"curies":[{"name":"wp","href":"https:\/\/api.w.org\/{rel}","templated":true}]}}