{"id":5568,"date":"2016-05-03T12:25:09","date_gmt":"2016-05-03T12:25:09","guid":{"rendered":"http:\/\/www.ayuntamientodeharia.com\/haria\/?p=5568"},"modified":"2016-05-03T12:25:09","modified_gmt":"2016-05-03T12:25:09","slug":"pedro-caraballo-la-muerte-de-un-paisaje","status":"publish","type":"post","link":"https:\/\/www.ayuntamientodeharia.com\/haria\/pedro-caraballo-la-muerte-de-un-paisaje\/","title":{"rendered":"Pedro Caraballo: La muerte de un paisaje"},"content":{"rendered":"<p>Supe de su muerte y la sent\u00ed cercana, el coraz\u00f3n se apret\u00f3 y se me sec\u00f3 la garganta. Pedro era para m\u00ed de esas personas que siempre estaban. Me acercaba a comer a M\u00e1guez y estaba, pasaba por el billar en Har\u00eda y estaba, bajaba o sub\u00eda Trujillo y estaba. Nunca pens\u00e9 en su edad y menos en que llegar\u00eda el d\u00eda en que ya no estuviera.<\/p>\n<p><!--more--><\/p>\n<p>&nbsp;<\/p>\n<p>Me acuerdo de mis suegros, porque sienten la muerte del amigo, de sus hijos, de sus m\u00e1s allegados y sus nietos, pero sobretodo me acuerdo de \u00e9l. Del hombre correcto, del amigo, de su imagen impecable de ropita limpia y siempre planchado, del incansable viajero, lo recuerdo hasta gratamente sorprendida apoyando a los j\u00f3venes en alguna conversaci\u00f3n.<\/p>\n<p>&nbsp;<\/p>\n<p>Pero sobre todo me acuerdo de su finca en Trujillo, me estoy imaginando las frutas en el suelo, las uvas pasadas en las parras, los arboles llenos de bichos, la falta de un poda\u2026 la tristeza que da la visi\u00f3n de una tierra abandonada. \u00a1Otra m\u00e1s!<\/p>\n<p>&nbsp;<\/p>\n<p>Su finca ha sido siempre el reflejo de s\u00ed mismo.<\/p>\n<p>&nbsp;<\/p>\n<p>Siempre atendida.<\/p>\n<p>&nbsp;<\/p>\n<p>\u00a1Pedro! \u00bfY ahora qu\u00e9?<\/p>\n<p>&nbsp;<\/p>\n<p>En Lanzarote el paisaje es patrimonio, es cultura, identidad, es el esfuerzo por sacarle algo de vida a esta tierra dura en sequ\u00eda eterna, y nuestro paisaje, el de Har\u00eda, el que otrora fuera un vergel de fincas plantadas de cebada, millos, habas, papas, hoy es un basurero de aulagas. Es la foto de un paisaje muerto, propiedad de hombres que tambi\u00e9n han muerto.<\/p>\n<p>&nbsp;<\/p>\n<p>S\u00e9 que el campo es duro, que no hay agua, pero acaso\u2026 \u00bfno es m\u00e1s duro el paro, el hambre? \u00bfPodr\u00edamos hablar de recuperar al medianero?<\/p>\n<p>&nbsp;<\/p>\n<p>Creo que Don Pedro Caraballo como otros muchos, se merece que al bajar Trujillo nos imaginemos como ser\u00e1, no como fue, que recuperemos esa parte de la historia que hizo grande a Lanzarote gracias a ese gente dura que tanto trabaj\u00f3 el campo. Si, podemos. Y quien dice Trujillo dice Las Macebas, Las Quemadas, La Monta\u00f1a, Los Castillos, Gayo, Los Rincones\u2026.<\/p>\n<p>&nbsp;<\/p>\n<p>Porque aunque no nos demos cuenta, algo de nosotros est\u00e1 muriendo tambi\u00e9n.<\/p>\n<p>&nbsp;<\/p>\n<p><em>Nieves de Le\u00f3n<\/em><\/p>\n","protected":false},"excerpt":{"rendered":"<p>Supe de su muerte y la sent\u00ed cercana, el coraz\u00f3n se apret\u00f3 y se me sec\u00f3 la garganta. Pedro era para m\u00ed de esas personas que siempre estaban. Me acercaba a comer a M\u00e1guez y estaba, pasaba por el billar en Har\u00eda y estaba, bajaba o sub\u00eda Trujillo y estaba. Nunca pens\u00e9 en su edad [&hellip;]<\/p>\n","protected":false},"author":2,"featured_media":0,"comment_status":"closed","ping_status":"closed","sticky":false,"template":"","format":"standard","meta":{"footnotes":""},"categories":[11],"tags":[],"class_list":["post-5568","post","type-post","status-publish","format-standard","hentry","category-hoja-de-haria"],"_links":{"self":[{"href":"https:\/\/www.ayuntamientodeharia.com\/haria\/wp-json\/wp\/v2\/posts\/5568","targetHints":{"allow":["GET"]}}],"collection":[{"href":"https:\/\/www.ayuntamientodeharia.com\/haria\/wp-json\/wp\/v2\/posts"}],"about":[{"href":"https:\/\/www.ayuntamientodeharia.com\/haria\/wp-json\/wp\/v2\/types\/post"}],"author":[{"embeddable":true,"href":"https:\/\/www.ayuntamientodeharia.com\/haria\/wp-json\/wp\/v2\/users\/2"}],"replies":[{"embeddable":true,"href":"https:\/\/www.ayuntamientodeharia.com\/haria\/wp-json\/wp\/v2\/comments?post=5568"}],"version-history":[{"count":0,"href":"https:\/\/www.ayuntamientodeharia.com\/haria\/wp-json\/wp\/v2\/posts\/5568\/revisions"}],"wp:attachment":[{"href":"https:\/\/www.ayuntamientodeharia.com\/haria\/wp-json\/wp\/v2\/media?parent=5568"}],"wp:term":[{"taxonomy":"category","embeddable":true,"href":"https:\/\/www.ayuntamientodeharia.com\/haria\/wp-json\/wp\/v2\/categories?post=5568"},{"taxonomy":"post_tag","embeddable":true,"href":"https:\/\/www.ayuntamientodeharia.com\/haria\/wp-json\/wp\/v2\/tags?post=5568"}],"curies":[{"name":"wp","href":"https:\/\/api.w.org\/{rel}","templated":true}]}}