{"id":5566,"date":"2016-05-03T12:21:33","date_gmt":"2016-05-03T12:21:33","guid":{"rendered":"http:\/\/www.ayuntamientodeharia.com\/haria\/?p=5566"},"modified":"2016-05-03T12:21:33","modified_gmt":"2016-05-03T12:21:33","slug":"subasta-del-bar-del-centro-democratico-de-maguez-2","status":"publish","type":"post","link":"https:\/\/www.ayuntamientodeharia.com\/haria\/subasta-del-bar-del-centro-democratico-de-maguez-2\/","title":{"rendered":"Subasta del Bar del Centro Democr\u00e1tico de M\u00e1guez"},"content":{"rendered":"<p>La Junta Directiva del Centro Democr\u00e1tico de M\u00e1guez comunica a los socios y al p\u00fablico en general que, tras haber alcanzado un acuerdo con el actual arrendatario del bar para la rescisi\u00f3n del contrato, se saca a concurso la concesi\u00f3n del mismo. Las personas interesadas en su arrendamiento deber\u00e1n presentar las solicitudes antes de las 20:00 horas del d\u00eda 1 de junio de 2014, en la Secretaria del Centro.<\/p>\n","protected":false},"excerpt":{"rendered":"<p>La Junta Directiva del Centro Democr\u00e1tico de M\u00e1guez comunica a los socios y al p\u00fablico en general que, tras haber alcanzado un acuerdo con el actual arrendatario del bar para la rescisi\u00f3n del contrato, se saca a concurso la concesi\u00f3n del mismo. Las personas interesadas en su arrendamiento deber\u00e1n presentar las solicitudes antes de las [&hellip;]<\/p>\n","protected":false},"author":2,"featured_media":0,"comment_status":"closed","ping_status":"closed","sticky":false,"template":"","format":"standard","meta":{"footnotes":""},"categories":[32,11],"tags":[],"class_list":["post-5566","post","type-post","status-publish","format-standard","hentry","category-anuncios","category-hoja-de-haria"],"_links":{"self":[{"href":"https:\/\/www.ayuntamientodeharia.com\/haria\/wp-json\/wp\/v2\/posts\/5566","targetHints":{"allow":["GET"]}}],"collection":[{"href":"https:\/\/www.ayuntamientodeharia.com\/haria\/wp-json\/wp\/v2\/posts"}],"about":[{"href":"https:\/\/www.ayuntamientodeharia.com\/haria\/wp-json\/wp\/v2\/types\/post"}],"author":[{"embeddable":true,"href":"https:\/\/www.ayuntamientodeharia.com\/haria\/wp-json\/wp\/v2\/users\/2"}],"replies":[{"embeddable":true,"href":"https:\/\/www.ayuntamientodeharia.com\/haria\/wp-json\/wp\/v2\/comments?post=5566"}],"version-history":[{"count":0,"href":"https:\/\/www.ayuntamientodeharia.com\/haria\/wp-json\/wp\/v2\/posts\/5566\/revisions"}],"wp:attachment":[{"href":"https:\/\/www.ayuntamientodeharia.com\/haria\/wp-json\/wp\/v2\/media?parent=5566"}],"wp:term":[{"taxonomy":"category","embeddable":true,"href":"https:\/\/www.ayuntamientodeharia.com\/haria\/wp-json\/wp\/v2\/categories?post=5566"},{"taxonomy":"post_tag","embeddable":true,"href":"https:\/\/www.ayuntamientodeharia.com\/haria\/wp-json\/wp\/v2\/tags?post=5566"}],"curies":[{"name":"wp","href":"https:\/\/api.w.org\/{rel}","templated":true}]}}