{"id":5564,"date":"2016-05-03T12:20:45","date_gmt":"2016-05-03T12:20:45","guid":{"rendered":"http:\/\/www.ayuntamientodeharia.com\/haria\/?p=5564"},"modified":"2016-05-03T12:20:45","modified_gmt":"2016-05-03T12:20:45","slug":"las-clases-de-aerobic-de-orzola-se-trasladan-a-punta-mujeres","status":"publish","type":"post","link":"https:\/\/www.ayuntamientodeharia.com\/haria\/las-clases-de-aerobic-de-orzola-se-trasladan-a-punta-mujeres\/","title":{"rendered":"Las clases de aer\u00f3bic de \u00d3rzola se trasladan a Punta Mujeres"},"content":{"rendered":"<p>A partir de pr\u00f3ximo lunes, las clases de aer\u00f3bic que se ven\u00edan impartiendo en el pueblo de \u00d3rzola se trasladan a Punta Mujeres. Las personas interesadas en practicar aer\u00f3bic deber\u00e1n asistir los lunes y mi\u00e9rcoles, de 18:45 a 19:45 horas, al Centro Sociocultural El Marinero.<\/p>\n","protected":false},"excerpt":{"rendered":"<p>A partir de pr\u00f3ximo lunes, las clases de aer\u00f3bic que se ven\u00edan impartiendo en el pueblo de \u00d3rzola se trasladan a Punta Mujeres. Las personas interesadas en practicar aer\u00f3bic deber\u00e1n asistir los lunes y mi\u00e9rcoles, de 18:45 a 19:45 horas, al Centro Sociocultural El Marinero.<\/p>\n","protected":false},"author":2,"featured_media":0,"comment_status":"closed","ping_status":"closed","sticky":false,"template":"","format":"standard","meta":{"footnotes":""},"categories":[17,11],"tags":[],"class_list":["post-5564","post","type-post","status-publish","format-standard","hentry","category-deportes","category-hoja-de-haria"],"_links":{"self":[{"href":"https:\/\/www.ayuntamientodeharia.com\/haria\/wp-json\/wp\/v2\/posts\/5564","targetHints":{"allow":["GET"]}}],"collection":[{"href":"https:\/\/www.ayuntamientodeharia.com\/haria\/wp-json\/wp\/v2\/posts"}],"about":[{"href":"https:\/\/www.ayuntamientodeharia.com\/haria\/wp-json\/wp\/v2\/types\/post"}],"author":[{"embeddable":true,"href":"https:\/\/www.ayuntamientodeharia.com\/haria\/wp-json\/wp\/v2\/users\/2"}],"replies":[{"embeddable":true,"href":"https:\/\/www.ayuntamientodeharia.com\/haria\/wp-json\/wp\/v2\/comments?post=5564"}],"version-history":[{"count":0,"href":"https:\/\/www.ayuntamientodeharia.com\/haria\/wp-json\/wp\/v2\/posts\/5564\/revisions"}],"wp:attachment":[{"href":"https:\/\/www.ayuntamientodeharia.com\/haria\/wp-json\/wp\/v2\/media?parent=5564"}],"wp:term":[{"taxonomy":"category","embeddable":true,"href":"https:\/\/www.ayuntamientodeharia.com\/haria\/wp-json\/wp\/v2\/categories?post=5564"},{"taxonomy":"post_tag","embeddable":true,"href":"https:\/\/www.ayuntamientodeharia.com\/haria\/wp-json\/wp\/v2\/tags?post=5564"}],"curies":[{"name":"wp","href":"https:\/\/api.w.org\/{rel}","templated":true}]}}